{"id":12220,"date":"2023-04-05T09:51:30","date_gmt":"2023-04-05T08:51:30","guid":{"rendered":"https:\/\/shqiperia-etnike.com\/?p=12220"},"modified":"2023-04-05T09:52:17","modified_gmt":"2023-04-05T08:52:17","slug":"edi-rama-humb-perfundimisht-betejen-me-beketin-shqiperia-duhet-te-paguaje-mbi-110-milione-euro","status":"publish","type":"post","link":"https:\/\/shqiperia-etnike.com\/edi-rama-humb-perfundimisht-betejen-me-beketin-shqiperia-duhet-te-paguaje-mbi-110-milione-euro\/","title":{"rendered":"Edi Rama humb p\u00ebrfundimisht betej\u00ebn me Beketin. Shqip\u00ebria duhet t\u00eb paguaj\u00eb mbi 110 milion\u00eb euro"},"content":{"rendered":"<p>Ndon\u00ebse Edi Eama kishte deklaruar publikisht se ai do t\u00eb merrte \u201cnoc rrokun\u201d Shqip\u00ebria duhet t\u2019i paguaj\u00eb 110 milion\u00eb euro Fran\u00e7esko Beketit. Gjykata e Arbitrazhit ka refuzuar k\u00ebrkes\u00ebn e Shqip\u00ebris\u00eb p\u00ebr rihapjen e \u00e7\u00ebshtjes me biznesmenin italian duke e nd\u00ebshkuar vendin ton\u00eb me pages\u00ebn e k\u00ebsaj gjobe plus p\u00ebrqindjet e kamatave dhe sjpenzimeve gjyqesore.<\/p>\n<p>Gjykata ka refuzuar t\u00eb rishikoj\u00eb d\u00ebmshp\u00ebrblimin prej 110 milion\u00eb eurosh q\u00eb Shqip\u00ebria duhet t\u00eb paguaj ndaj pronarit t\u00eb Agon Channel.<\/p>\n<p>N\u00eb nj\u00eb vendim t\u00eb marr\u00eb m\u00eb 29 mars, gjykata urdheroi!rr\u00ebzimin e p\u00ebrshpejtuar t\u00eb k\u00ebrkes\u00ebs p\u00ebr rishikim nga ana e Shqip\u00ebris\u00eb si pa baza ligjore.<\/p>\n<p>Gjykata argumentoi se n\u00eb k\u00ebrkes\u00ebn e Shqip\u00ebris\u00eb nuk ishte v\u00ebrtetuar se kishte ndonj\u00eb fakt t\u00eb ri q\u00eb nga vendosja e d\u00ebmshp\u00ebrblimit n\u00eb vitin 2019.<\/p>\n<p>\u00c7\u00ebshtja u hap n\u00eb Gjykat\u00ebn e Arbitrazhit n\u00eb vitin 2015, ku padit\u00ebsit pretendonin se ishin viktima t\u00eb nj\u00eb fushate t\u00eb motivuar politikisht q\u00eb synonte investimet e tyre n\u00eb sektor\u00ebt e medias, hidroenergjis\u00eb dhe menaxhimit t\u00eb mbetjeve t\u00eb vendit.<\/p>\n<p>Fushata e supozuar p\u00ebrfshinte procedime penale shqiptare kund\u00ebr Beketit dhe drejtuesve t\u00eb tjer\u00eb.<br \/>\nSipas pretenduesve, masat u nxit\u00ebn nga kritikat ndaj qeveris\u00eb nga stacioni i tyre televiziv Agonset, i cili u mbyll dhe pajisjet iu sekuestruan.<\/p>\n<p>Shqip\u00ebris\u00eb, p\u00ebrve\u00e7 shum\u00ebs prej 110 milion\u00eb euro t\u00eb vendosura n\u00eb vendimin e par\u00eb, i shtohet edhe detyrimi prej 145 mij\u00eb euro si detyrime p\u00ebr rihapjen e \u00e7\u00ebshtjes.<\/p>\n","protected":false},"excerpt":{"rendered":"<p>Ndon\u00ebse Edi Eama kishte deklaruar publikisht se ai do t\u00eb merrte \u201cnoc rrokun\u201d Shqip\u00ebria duhet t\u2019i paguaj\u00eb 110 milion\u00eb euro Fran\u00e7esko Beketit. Gjykata e Arbitrazhit ka refuzuar k\u00ebrkes\u00ebn e Shqip\u00ebris\u00eb p\u00ebr rihapjen e \u00e7\u00ebshtjes me biznesmenin italian duke e nd\u00ebshkuar vendin ton\u00eb me pages\u00ebn e k\u00ebsaj gjobe plus p\u00ebrqindjet e kamatave dhe sjpenzimeve gjyqesore. Gjykata [&hellip;]<\/p>\n","protected":false},"author":2,"featured_media":12221,"comment_status":"open","ping_status":"closed","sticky":false,"template":"","format":"standard","meta":{"footnotes":""},"categories":[49,22],"tags":[],"class_list":{"0":"post-12220","1":"post","2":"type-post","3":"status-publish","4":"format-standard","5":"has-post-thumbnail","7":"category-aktualitet","8":"category-print"},"yoast_head":"<!-- This site is optimized with the Yoast SEO plugin v27.2 - https:\/\/yoast.com\/product\/yoast-seo-wordpress\/ -->\n<title>Edi Rama humb p\u00ebrfundimisht betej\u00ebn me Beketin. Shqip\u00ebria duhet t\u00eb paguaj\u00eb mbi 110 milion\u00eb euro - Shqip\u00ebria Etnike<\/title>\n<meta name=\"robots\" content=\"index, follow, max-snippet:-1, max-image-preview:large, max-video-preview:-1\" \/>\n<link rel=\"canonical\" href=\"https:\/\/shqiperia-etnike.com\/edi-rama-humb-perfundimisht-betejen-me-beketin-shqiperia-duhet-te-paguaje-mbi-110-milione-euro\/\" \/>\n<meta property=\"og:locale\" content=\"sq_AL\" \/>\n<meta property=\"og:type\" content=\"article\" \/>\n<meta property=\"og:title\" content=\"Edi Rama humb p\u00ebrfundimisht betej\u00ebn me Beketin. Shqip\u00ebria duhet t\u00eb paguaj\u00eb mbi 110 milion\u00eb euro - Shqip\u00ebria Etnike\" \/>\n<meta property=\"og:description\" content=\"Ndon\u00ebse Edi Eama kishte deklaruar publikisht se ai do t\u00eb merrte \u201cnoc rrokun\u201d Shqip\u00ebria duhet t\u2019i paguaj\u00eb 110 milion\u00eb euro Fran\u00e7esko Beketit. Gjykata e Arbitrazhit ka refuzuar k\u00ebrkes\u00ebn e Shqip\u00ebris\u00eb p\u00ebr rihapjen e \u00e7\u00ebshtjes me biznesmenin italian duke e nd\u00ebshkuar vendin ton\u00eb me pages\u00ebn e k\u00ebsaj gjobe plus p\u00ebrqindjet e kamatave dhe sjpenzimeve gjyqesore. Gjykata [&hellip;]\" \/>\n<meta property=\"og:url\" content=\"https:\/\/shqiperia-etnike.com\/edi-rama-humb-perfundimisht-betejen-me-beketin-shqiperia-duhet-te-paguaje-mbi-110-milione-euro\/\" \/>\n<meta property=\"og:site_name\" content=\"Shqip\u00ebria Etnike\" \/>\n<meta property=\"article:publisher\" content=\"https:\/\/www.facebook.com\/SqiperiaEtnikeCom\" \/>\n<meta property=\"article:published_time\" content=\"2023-04-05T08:51:30+00:00\" \/>\n<meta property=\"article:modified_time\" content=\"2023-04-05T08:52:17+00:00\" \/>\n<meta property=\"og:image\" content=\"https:\/\/shqiperia-etnike.com\/wp-content\/uploads\/2023\/04\/rama-becheti-1.jpg\" \/>\n\t<meta property=\"og:image:width\" content=\"800\" \/>\n\t<meta property=\"og:image:height\" content=\"450\" \/>\n\t<meta property=\"og:image:type\" content=\"image\/jpeg\" \/>\n<meta name=\"author\" content=\"Shqiperia Etnike\" \/>\n<meta name=\"twitter:card\" content=\"summary_large_image\" \/>\n<meta name=\"twitter:label1\" content=\"Written by\" \/>\n\t<meta name=\"twitter:data1\" content=\"Shqiperia Etnike\" \/>\n\t<meta name=\"twitter:label2\" content=\"Est. reading time\" \/>\n\t<meta name=\"twitter:data2\" content=\"1 minute\" \/>\n<script type=\"application\/ld+json\" class=\"yoast-schema-graph\">{\"@context\":\"https:\/\/schema.org\",\"@graph\":[{\"@type\":\"Article\",\"@id\":\"https:\/\/shqiperia-etnike.com\/edi-rama-humb-perfundimisht-betejen-me-beketin-shqiperia-duhet-te-paguaje-mbi-110-milione-euro\/#article\",\"isPartOf\":{\"@id\":\"https:\/\/shqiperia-etnike.com\/edi-rama-humb-perfundimisht-betejen-me-beketin-shqiperia-duhet-te-paguaje-mbi-110-milione-euro\/\"},\"author\":{\"name\":\"Shqiperia Etnike\",\"@id\":\"https:\/\/shqiperia-etnike.com\/#\/schema\/person\/0fd1d6077bf90bf4efdc2b515a05c566\"},\"headline\":\"Edi Rama humb p\u00ebrfundimisht betej\u00ebn me Beketin. Shqip\u00ebria duhet t\u00eb paguaj\u00eb mbi 110 milion\u00eb euro\",\"datePublished\":\"2023-04-05T08:51:30+00:00\",\"dateModified\":\"2023-04-05T08:52:17+00:00\",\"mainEntityOfPage\":{\"@id\":\"https:\/\/shqiperia-etnike.com\/edi-rama-humb-perfundimisht-betejen-me-beketin-shqiperia-duhet-te-paguaje-mbi-110-milione-euro\/\"},\"wordCount\":271,\"commentCount\":0,\"publisher\":{\"@id\":\"https:\/\/shqiperia-etnike.com\/#organization\"},\"image\":{\"@id\":\"https:\/\/shqiperia-etnike.com\/edi-rama-humb-perfundimisht-betejen-me-beketin-shqiperia-duhet-te-paguaje-mbi-110-milione-euro\/#primaryimage\"},\"thumbnailUrl\":\"https:\/\/shqiperia-etnike.com\/wp-content\/uploads\/2023\/04\/rama-becheti-1.jpg\",\"articleSection\":[\"Aktualitet\",\"Print\"],\"inLanguage\":\"sq-AL\",\"potentialAction\":[{\"@type\":\"CommentAction\",\"name\":\"Comment\",\"target\":[\"https:\/\/shqiperia-etnike.com\/edi-rama-humb-perfundimisht-betejen-me-beketin-shqiperia-duhet-te-paguaje-mbi-110-milione-euro\/#respond\"]}]},{\"@type\":\"WebPage\",\"@id\":\"https:\/\/shqiperia-etnike.com\/edi-rama-humb-perfundimisht-betejen-me-beketin-shqiperia-duhet-te-paguaje-mbi-110-milione-euro\/\",\"url\":\"https:\/\/shqiperia-etnike.com\/edi-rama-humb-perfundimisht-betejen-me-beketin-shqiperia-duhet-te-paguaje-mbi-110-milione-euro\/\",\"name\":\"Edi Rama humb p\u00ebrfundimisht betej\u00ebn me Beketin. Shqip\u00ebria duhet t\u00eb paguaj\u00eb mbi 110 milion\u00eb euro - Shqip\u00ebria Etnike\",\"isPartOf\":{\"@id\":\"https:\/\/shqiperia-etnike.com\/#website\"},\"primaryImageOfPage\":{\"@id\":\"https:\/\/shqiperia-etnike.com\/edi-rama-humb-perfundimisht-betejen-me-beketin-shqiperia-duhet-te-paguaje-mbi-110-milione-euro\/#primaryimage\"},\"image\":{\"@id\":\"https:\/\/shqiperia-etnike.com\/edi-rama-humb-perfundimisht-betejen-me-beketin-shqiperia-duhet-te-paguaje-mbi-110-milione-euro\/#primaryimage\"},\"thumbnailUrl\":\"https:\/\/shqiperia-etnike.com\/wp-content\/uploads\/2023\/04\/rama-becheti-1.jpg\",\"datePublished\":\"2023-04-05T08:51:30+00:00\",\"dateModified\":\"2023-04-05T08:52:17+00:00\",\"breadcrumb\":{\"@id\":\"https:\/\/shqiperia-etnike.com\/edi-rama-humb-perfundimisht-betejen-me-beketin-shqiperia-duhet-te-paguaje-mbi-110-milione-euro\/#breadcrumb\"},\"inLanguage\":\"sq-AL\",\"potentialAction\":[{\"@type\":\"ReadAction\",\"target\":[\"https:\/\/shqiperia-etnike.com\/edi-rama-humb-perfundimisht-betejen-me-beketin-shqiperia-duhet-te-paguaje-mbi-110-milione-euro\/\"]}]},{\"@type\":\"ImageObject\",\"inLanguage\":\"sq-AL\",\"@id\":\"https:\/\/shqiperia-etnike.com\/edi-rama-humb-perfundimisht-betejen-me-beketin-shqiperia-duhet-te-paguaje-mbi-110-milione-euro\/#primaryimage\",\"url\":\"https:\/\/shqiperia-etnike.com\/wp-content\/uploads\/2023\/04\/rama-becheti-1.jpg\",\"contentUrl\":\"https:\/\/shqiperia-etnike.com\/wp-content\/uploads\/2023\/04\/rama-becheti-1.jpg\",\"width\":800,\"height\":450},{\"@type\":\"BreadcrumbList\",\"@id\":\"https:\/\/shqiperia-etnike.com\/edi-rama-humb-perfundimisht-betejen-me-beketin-shqiperia-duhet-te-paguaje-mbi-110-milione-euro\/#breadcrumb\",\"itemListElement\":[{\"@type\":\"ListItem\",\"position\":1,\"name\":\"Home\",\"item\":\"https:\/\/shqiperia-etnike.com\/\"},{\"@type\":\"ListItem\",\"position\":2,\"name\":\"Edi Rama humb p\u00ebrfundimisht betej\u00ebn me Beketin. Shqip\u00ebria duhet t\u00eb paguaj\u00eb mbi 110 milion\u00eb euro\"}]},{\"@type\":\"WebSite\",\"@id\":\"https:\/\/shqiperia-etnike.com\/#website\",\"url\":\"https:\/\/shqiperia-etnike.com\/\",\"name\":\"Shqip\u00ebria Etnike\",\"description\":\"Gazeta Tradicionale e Veriut\",\"publisher\":{\"@id\":\"https:\/\/shqiperia-etnike.com\/#organization\"},\"potentialAction\":[{\"@type\":\"SearchAction\",\"target\":{\"@type\":\"EntryPoint\",\"urlTemplate\":\"https:\/\/shqiperia-etnike.com\/?s={search_term_string}\"},\"query-input\":{\"@type\":\"PropertyValueSpecification\",\"valueRequired\":true,\"valueName\":\"search_term_string\"}}],\"inLanguage\":\"sq-AL\"},{\"@type\":\"Organization\",\"@id\":\"https:\/\/shqiperia-etnike.com\/#organization\",\"name\":\"Shqip\u00ebria Etnike\",\"url\":\"https:\/\/shqiperia-etnike.com\/\",\"logo\":{\"@type\":\"ImageObject\",\"inLanguage\":\"sq-AL\",\"@id\":\"https:\/\/shqiperia-etnike.com\/#\/schema\/logo\/image\/\",\"url\":\"https:\/\/shqiperia-etnike.com\/wp-content\/uploads\/2022\/05\/shqiperia-etnike-print.jpg\",\"contentUrl\":\"https:\/\/shqiperia-etnike.com\/wp-content\/uploads\/2022\/05\/shqiperia-etnike-print.jpg\",\"width\":600,\"height\":850,\"caption\":\"Shqip\u00ebria Etnike\"},\"image\":{\"@id\":\"https:\/\/shqiperia-etnike.com\/#\/schema\/logo\/image\/\"},\"sameAs\":[\"https:\/\/www.facebook.com\/SqiperiaEtnikeCom\"]},{\"@type\":\"Person\",\"@id\":\"https:\/\/shqiperia-etnike.com\/#\/schema\/person\/0fd1d6077bf90bf4efdc2b515a05c566\",\"name\":\"Shqiperia Etnike\",\"image\":{\"@type\":\"ImageObject\",\"inLanguage\":\"sq-AL\",\"@id\":\"https:\/\/secure.gravatar.com\/avatar\/369d1d5279f7f732a560419d178c5a08d4f0e3ce9ebcd12c874e0463b85c1bc3?s=96&r=g\",\"url\":\"https:\/\/secure.gravatar.com\/avatar\/369d1d5279f7f732a560419d178c5a08d4f0e3ce9ebcd12c874e0463b85c1bc3?s=96&r=g\",\"contentUrl\":\"https:\/\/secure.gravatar.com\/avatar\/369d1d5279f7f732a560419d178c5a08d4f0e3ce9ebcd12c874e0463b85c1bc3?s=96&r=g\",\"caption\":\"Shqiperia Etnike\"},\"description\":\"Admin, Shqip\u00ebria Etnike\",\"sameAs\":[\"https:\/\/shqiperia-etnike.com\/\"],\"url\":\"https:\/\/shqiperia-etnike.com\/author\/shqiperia-etnike\/\"}]}<\/script>\n<!-- \/ Yoast SEO plugin. -->","yoast_head_json":{"title":"Edi Rama humb p\u00ebrfundimisht betej\u00ebn me Beketin. Shqip\u00ebria duhet t\u00eb paguaj\u00eb mbi 110 milion\u00eb euro - Shqip\u00ebria Etnike","robots":{"index":"index","follow":"follow","max-snippet":"max-snippet:-1","max-image-preview":"max-image-preview:large","max-video-preview":"max-video-preview:-1"},"canonical":"https:\/\/shqiperia-etnike.com\/edi-rama-humb-perfundimisht-betejen-me-beketin-shqiperia-duhet-te-paguaje-mbi-110-milione-euro\/","og_locale":"sq_AL","og_type":"article","og_title":"Edi Rama humb p\u00ebrfundimisht betej\u00ebn me Beketin. Shqip\u00ebria duhet t\u00eb paguaj\u00eb mbi 110 milion\u00eb euro - Shqip\u00ebria Etnike","og_description":"Ndon\u00ebse Edi Eama kishte deklaruar publikisht se ai do t\u00eb merrte \u201cnoc rrokun\u201d Shqip\u00ebria duhet t\u2019i paguaj\u00eb 110 milion\u00eb euro Fran\u00e7esko Beketit. Gjykata e Arbitrazhit ka refuzuar k\u00ebrkes\u00ebn e Shqip\u00ebris\u00eb p\u00ebr rihapjen e \u00e7\u00ebshtjes me biznesmenin italian duke e nd\u00ebshkuar vendin ton\u00eb me pages\u00ebn e k\u00ebsaj gjobe plus p\u00ebrqindjet e kamatave dhe sjpenzimeve gjyqesore. Gjykata [&hellip;]","og_url":"https:\/\/shqiperia-etnike.com\/edi-rama-humb-perfundimisht-betejen-me-beketin-shqiperia-duhet-te-paguaje-mbi-110-milione-euro\/","og_site_name":"Shqip\u00ebria Etnike","article_publisher":"https:\/\/www.facebook.com\/SqiperiaEtnikeCom","article_published_time":"2023-04-05T08:51:30+00:00","article_modified_time":"2023-04-05T08:52:17+00:00","og_image":[{"width":800,"height":450,"url":"https:\/\/shqiperia-etnike.com\/wp-content\/uploads\/2023\/04\/rama-becheti-1.jpg","type":"image\/jpeg"}],"author":"Shqiperia Etnike","twitter_card":"summary_large_image","twitter_misc":{"Written by":"Shqiperia Etnike","Est. reading time":"1 minute"},"schema":{"@context":"https:\/\/schema.org","@graph":[{"@type":"Article","@id":"https:\/\/shqiperia-etnike.com\/edi-rama-humb-perfundimisht-betejen-me-beketin-shqiperia-duhet-te-paguaje-mbi-110-milione-euro\/#article","isPartOf":{"@id":"https:\/\/shqiperia-etnike.com\/edi-rama-humb-perfundimisht-betejen-me-beketin-shqiperia-duhet-te-paguaje-mbi-110-milione-euro\/"},"author":{"name":"Shqiperia Etnike","@id":"https:\/\/shqiperia-etnike.com\/#\/schema\/person\/0fd1d6077bf90bf4efdc2b515a05c566"},"headline":"Edi Rama humb p\u00ebrfundimisht betej\u00ebn me Beketin. Shqip\u00ebria duhet t\u00eb paguaj\u00eb mbi 110 milion\u00eb euro","datePublished":"2023-04-05T08:51:30+00:00","dateModified":"2023-04-05T08:52:17+00:00","mainEntityOfPage":{"@id":"https:\/\/shqiperia-etnike.com\/edi-rama-humb-perfundimisht-betejen-me-beketin-shqiperia-duhet-te-paguaje-mbi-110-milione-euro\/"},"wordCount":271,"commentCount":0,"publisher":{"@id":"https:\/\/shqiperia-etnike.com\/#organization"},"image":{"@id":"https:\/\/shqiperia-etnike.com\/edi-rama-humb-perfundimisht-betejen-me-beketin-shqiperia-duhet-te-paguaje-mbi-110-milione-euro\/#primaryimage"},"thumbnailUrl":"https:\/\/shqiperia-etnike.com\/wp-content\/uploads\/2023\/04\/rama-becheti-1.jpg","articleSection":["Aktualitet","Print"],"inLanguage":"sq-AL","potentialAction":[{"@type":"CommentAction","name":"Comment","target":["https:\/\/shqiperia-etnike.com\/edi-rama-humb-perfundimisht-betejen-me-beketin-shqiperia-duhet-te-paguaje-mbi-110-milione-euro\/#respond"]}]},{"@type":"WebPage","@id":"https:\/\/shqiperia-etnike.com\/edi-rama-humb-perfundimisht-betejen-me-beketin-shqiperia-duhet-te-paguaje-mbi-110-milione-euro\/","url":"https:\/\/shqiperia-etnike.com\/edi-rama-humb-perfundimisht-betejen-me-beketin-shqiperia-duhet-te-paguaje-mbi-110-milione-euro\/","name":"Edi Rama humb p\u00ebrfundimisht betej\u00ebn me Beketin. Shqip\u00ebria duhet t\u00eb paguaj\u00eb mbi 110 milion\u00eb euro - Shqip\u00ebria Etnike","isPartOf":{"@id":"https:\/\/shqiperia-etnike.com\/#website"},"primaryImageOfPage":{"@id":"https:\/\/shqiperia-etnike.com\/edi-rama-humb-perfundimisht-betejen-me-beketin-shqiperia-duhet-te-paguaje-mbi-110-milione-euro\/#primaryimage"},"image":{"@id":"https:\/\/shqiperia-etnike.com\/edi-rama-humb-perfundimisht-betejen-me-beketin-shqiperia-duhet-te-paguaje-mbi-110-milione-euro\/#primaryimage"},"thumbnailUrl":"https:\/\/shqiperia-etnike.com\/wp-content\/uploads\/2023\/04\/rama-becheti-1.jpg","datePublished":"2023-04-05T08:51:30+00:00","dateModified":"2023-04-05T08:52:17+00:00","breadcrumb":{"@id":"https:\/\/shqiperia-etnike.com\/edi-rama-humb-perfundimisht-betejen-me-beketin-shqiperia-duhet-te-paguaje-mbi-110-milione-euro\/#breadcrumb"},"inLanguage":"sq-AL","potentialAction":[{"@type":"ReadAction","target":["https:\/\/shqiperia-etnike.com\/edi-rama-humb-perfundimisht-betejen-me-beketin-shqiperia-duhet-te-paguaje-mbi-110-milione-euro\/"]}]},{"@type":"ImageObject","inLanguage":"sq-AL","@id":"https:\/\/shqiperia-etnike.com\/edi-rama-humb-perfundimisht-betejen-me-beketin-shqiperia-duhet-te-paguaje-mbi-110-milione-euro\/#primaryimage","url":"https:\/\/shqiperia-etnike.com\/wp-content\/uploads\/2023\/04\/rama-becheti-1.jpg","contentUrl":"https:\/\/shqiperia-etnike.com\/wp-content\/uploads\/2023\/04\/rama-becheti-1.jpg","width":800,"height":450},{"@type":"BreadcrumbList","@id":"https:\/\/shqiperia-etnike.com\/edi-rama-humb-perfundimisht-betejen-me-beketin-shqiperia-duhet-te-paguaje-mbi-110-milione-euro\/#breadcrumb","itemListElement":[{"@type":"ListItem","position":1,"name":"Home","item":"https:\/\/shqiperia-etnike.com\/"},{"@type":"ListItem","position":2,"name":"Edi Rama humb p\u00ebrfundimisht betej\u00ebn me Beketin. Shqip\u00ebria duhet t\u00eb paguaj\u00eb mbi 110 milion\u00eb euro"}]},{"@type":"WebSite","@id":"https:\/\/shqiperia-etnike.com\/#website","url":"https:\/\/shqiperia-etnike.com\/","name":"Shqip\u00ebria Etnike","description":"Gazeta Tradicionale e Veriut","publisher":{"@id":"https:\/\/shqiperia-etnike.com\/#organization"},"potentialAction":[{"@type":"SearchAction","target":{"@type":"EntryPoint","urlTemplate":"https:\/\/shqiperia-etnike.com\/?s={search_term_string}"},"query-input":{"@type":"PropertyValueSpecification","valueRequired":true,"valueName":"search_term_string"}}],"inLanguage":"sq-AL"},{"@type":"Organization","@id":"https:\/\/shqiperia-etnike.com\/#organization","name":"Shqip\u00ebria Etnike","url":"https:\/\/shqiperia-etnike.com\/","logo":{"@type":"ImageObject","inLanguage":"sq-AL","@id":"https:\/\/shqiperia-etnike.com\/#\/schema\/logo\/image\/","url":"https:\/\/shqiperia-etnike.com\/wp-content\/uploads\/2022\/05\/shqiperia-etnike-print.jpg","contentUrl":"https:\/\/shqiperia-etnike.com\/wp-content\/uploads\/2022\/05\/shqiperia-etnike-print.jpg","width":600,"height":850,"caption":"Shqip\u00ebria Etnike"},"image":{"@id":"https:\/\/shqiperia-etnike.com\/#\/schema\/logo\/image\/"},"sameAs":["https:\/\/www.facebook.com\/SqiperiaEtnikeCom"]},{"@type":"Person","@id":"https:\/\/shqiperia-etnike.com\/#\/schema\/person\/0fd1d6077bf90bf4efdc2b515a05c566","name":"Shqiperia Etnike","image":{"@type":"ImageObject","inLanguage":"sq-AL","@id":"https:\/\/secure.gravatar.com\/avatar\/369d1d5279f7f732a560419d178c5a08d4f0e3ce9ebcd12c874e0463b85c1bc3?s=96&r=g","url":"https:\/\/secure.gravatar.com\/avatar\/369d1d5279f7f732a560419d178c5a08d4f0e3ce9ebcd12c874e0463b85c1bc3?s=96&r=g","contentUrl":"https:\/\/secure.gravatar.com\/avatar\/369d1d5279f7f732a560419d178c5a08d4f0e3ce9ebcd12c874e0463b85c1bc3?s=96&r=g","caption":"Shqiperia Etnike"},"description":"Admin, Shqip\u00ebria Etnike","sameAs":["https:\/\/shqiperia-etnike.com\/"],"url":"https:\/\/shqiperia-etnike.com\/author\/shqiperia-etnike\/"}]}},"_links":{"self":[{"href":"https:\/\/shqiperia-etnike.com\/wp-json\/wp\/v2\/posts\/12220","targetHints":{"allow":["GET"]}}],"collection":[{"href":"https:\/\/shqiperia-etnike.com\/wp-json\/wp\/v2\/posts"}],"about":[{"href":"https:\/\/shqiperia-etnike.com\/wp-json\/wp\/v2\/types\/post"}],"author":[{"embeddable":true,"href":"https:\/\/shqiperia-etnike.com\/wp-json\/wp\/v2\/users\/2"}],"replies":[{"embeddable":true,"href":"https:\/\/shqiperia-etnike.com\/wp-json\/wp\/v2\/comments?post=12220"}],"version-history":[{"count":2,"href":"https:\/\/shqiperia-etnike.com\/wp-json\/wp\/v2\/posts\/12220\/revisions"}],"predecessor-version":[{"id":12223,"href":"https:\/\/shqiperia-etnike.com\/wp-json\/wp\/v2\/posts\/12220\/revisions\/12223"}],"wp:featuredmedia":[{"embeddable":true,"href":"https:\/\/shqiperia-etnike.com\/wp-json\/wp\/v2\/media\/12221"}],"wp:attachment":[{"href":"https:\/\/shqiperia-etnike.com\/wp-json\/wp\/v2\/media?parent=12220"}],"wp:term":[{"taxonomy":"category","embeddable":true,"href":"https:\/\/shqiperia-etnike.com\/wp-json\/wp\/v2\/categories?post=12220"},{"taxonomy":"post_tag","embeddable":true,"href":"https:\/\/shqiperia-etnike.com\/wp-json\/wp\/v2\/tags?post=12220"}],"curies":[{"name":"wp","href":"https:\/\/api.w.org\/{rel}","templated":true}]}}