{"id":1646,"date":"2022-06-13T14:54:00","date_gmt":"2022-06-13T13:54:00","guid":{"rendered":"https:\/\/shqiperia-etnike.com\/?p=1646"},"modified":"2022-06-13T16:23:32","modified_gmt":"2022-06-13T15:23:32","slug":"pamjet-misterioze-te-vajzes-duke-perdorur-celulare-ne-vitet-1993-ne-shqiperi-nga-italiani-nilo-ratti","status":"publish","type":"post","link":"https:\/\/shqiperia-etnike.com\/?p=1646","title":{"rendered":"Pamjet misterioze t\u00eb vajz\u00ebs duke p\u00ebrdorur celular\u00eb n\u00eb vitet 1993 n\u00eb Shqip\u00ebri, nga italiani Nilo Ratti"},"content":{"rendered":"<p><strong>Nostalgji p\u00ebr Shqip\u00ebrin\u00eb e vitit 1993? Pamje t\u00eb rralla jan\u00eb filmuar nga fotografi Nilo Ratti shum\u00eb vite m\u00eb par\u00eb dhe t\u00eb sjellin n\u00eb v\u00ebmendje filmat e kinematografis\u00eb shqiptare.Tirana ngjan krejt\u00ebsisht ndryshe nga sot. Jetesa n\u00eb fshatra duke e v\u00ebshtir\u00eb, por n\u00eb fytyrat e f\u00ebmij\u00ebve q\u00eb rrezaton nj\u00eb g\u00ebzim.<\/strong><\/p>\n<p>Por nga t\u00eb gjith\u00eb kujtimet q\u00eb ju kujtohen juve por edhe neve si portal vlen\u00eb t\u00eb theksohet paraqitja e goc\u00ebs n\u00eb video incizim duke folur me celular q\u00eb n\u00eb at\u00eb koh\u00eb dhe pik\u00ebrisht sot e tutje kjo sken\u00eb mbetet mister\u00eb i gjall\u00eb se si ishte e mundur q\u00eb n\u00eb shqip\u00ebri t\u00eb egzistonte nj\u00eb paisje e till\u00eb. Por nga disa thashesh\u00ebme q\u00eb fliten supozohet se n\u00eb at\u00eb koh\u00eb sh\u00ebrbimi sek.ret shqiptar\u00eb kishte paisje satelitore q\u00eb i p\u00ebrdornin p\u00ebr sh\u00ebrbimet e vete.<\/p>\n<p><strong>P\u00ebr m\u00eb tep\u00ebr ndiqeni videon:<\/strong><\/p>\n<p><iframe class=\"i-amphtml-fill-content\" src=\"https:\/\/www.youtube.com\/embed\/eKxeTnWUvWE#amp=1\" name=\"amp_iframe0\" frameborder=\"0\" sandbox=\"allow-scripts allow-same-origin allow-popups allow-forms allow-top-navigation\" allowfullscreen=\"allowfullscreen\" data-mce-fragment=\"1\"><\/iframe><\/p>\n<p><strong>Dhe nj\u00eb video tjet\u00ebr poashtu:<\/strong><\/p>\n<p><iframe class=\"i-amphtml-fill-content\" src=\"https:\/\/www.youtube.com\/embed\/VfK8KGZYsFc#amp=1\" name=\"amp_iframe1\" frameborder=\"0\" sandbox=\"allow-scripts allow-same-origin allow-popups allow-forms allow-top-navigation\" allowfullscreen=\"allowfullscreen\" data-mce-fragment=\"1\"><\/iframe><\/p>\n","protected":false},"excerpt":{"rendered":"<p>Nostalgji p\u00ebr Shqip\u00ebrin\u00eb e vitit 1993? Pamje t\u00eb rralla jan\u00eb filmuar nga fotografi Nilo Ratti shum\u00eb vite m\u00eb par\u00eb dhe t\u00eb sjellin n\u00eb v\u00ebmendje filmat e kinematografis\u00eb shqiptare.Tirana ngjan krejt\u00ebsisht ndryshe nga sot. Jetesa n\u00eb fshatra duke e v\u00ebshtir\u00eb, por n\u00eb fytyrat e f\u00ebmij\u00ebve q\u00eb rrezaton nj\u00eb g\u00ebzim. Por nga t\u00eb gjith\u00eb kujtimet q\u00eb ju [&hellip;]<\/p>\n","protected":false},"author":2,"featured_media":1647,"comment_status":"open","ping_status":"closed","sticky":false,"template":"","format":"standard","meta":{"footnotes":""},"categories":[56,22],"tags":[],"class_list":{"0":"post-1646","1":"post","2":"type-post","3":"status-publish","4":"format-standard","5":"has-post-thumbnail","7":"category-histori","8":"category-print"},"yoast_head":"<!-- This site is optimized with the Yoast SEO plugin v27.2 - https:\/\/yoast.com\/product\/yoast-seo-wordpress\/ -->\n<title>Pamjet misterioze t\u00eb vajz\u00ebs duke p\u00ebrdorur celular\u00eb n\u00eb vitet 1993 n\u00eb Shqip\u00ebri, nga italiani Nilo Ratti - Shqip\u00ebria Etnike<\/title>\n<meta name=\"robots\" content=\"index, follow, max-snippet:-1, max-image-preview:large, max-video-preview:-1\" \/>\n<link rel=\"canonical\" href=\"https:\/\/shqiperia-etnike.com\/?p=1646\" \/>\n<meta property=\"og:locale\" content=\"sq_AL\" \/>\n<meta property=\"og:type\" content=\"article\" \/>\n<meta property=\"og:title\" content=\"Pamjet misterioze t\u00eb vajz\u00ebs duke p\u00ebrdorur celular\u00eb n\u00eb vitet 1993 n\u00eb Shqip\u00ebri, nga italiani Nilo Ratti - Shqip\u00ebria Etnike\" \/>\n<meta property=\"og:description\" content=\"Nostalgji p\u00ebr Shqip\u00ebrin\u00eb e vitit 1993? Pamje t\u00eb rralla jan\u00eb filmuar nga fotografi Nilo Ratti shum\u00eb vite m\u00eb par\u00eb dhe t\u00eb sjellin n\u00eb v\u00ebmendje filmat e kinematografis\u00eb shqiptare.Tirana ngjan krejt\u00ebsisht ndryshe nga sot. Jetesa n\u00eb fshatra duke e v\u00ebshtir\u00eb, por n\u00eb fytyrat e f\u00ebmij\u00ebve q\u00eb rrezaton nj\u00eb g\u00ebzim. Por nga t\u00eb gjith\u00eb kujtimet q\u00eb ju [&hellip;]\" \/>\n<meta property=\"og:url\" content=\"https:\/\/shqiperia-etnike.com\/?p=1646\" \/>\n<meta property=\"og:site_name\" content=\"Shqip\u00ebria Etnike\" \/>\n<meta property=\"article:publisher\" content=\"https:\/\/www.facebook.com\/SqiperiaEtnikeCom\" \/>\n<meta property=\"article:published_time\" content=\"2022-06-13T13:54:00+00:00\" \/>\n<meta property=\"article:modified_time\" content=\"2022-06-13T15:23:32+00:00\" \/>\n<meta property=\"og:image\" content=\"https:\/\/shqiperia-etnike.com\/wp-content\/uploads\/2022\/06\/Screenshot_3-32-1.jpg\" \/>\n\t<meta property=\"og:image:width\" content=\"789\" \/>\n\t<meta property=\"og:image:height\" content=\"459\" \/>\n\t<meta property=\"og:image:type\" content=\"image\/jpeg\" \/>\n<meta name=\"author\" content=\"Shqiperia Etnike\" \/>\n<meta name=\"twitter:card\" content=\"summary_large_image\" \/>\n<meta name=\"twitter:label1\" content=\"Written by\" \/>\n\t<meta name=\"twitter:data1\" content=\"Shqiperia Etnike\" \/>\n\t<meta name=\"twitter:label2\" content=\"Est. reading time\" \/>\n\t<meta name=\"twitter:data2\" content=\"1 minute\" \/>\n<script type=\"application\/ld+json\" class=\"yoast-schema-graph\">{\"@context\":\"https:\/\/schema.org\",\"@graph\":[{\"@type\":\"Article\",\"@id\":\"https:\/\/shqiperia-etnike.com\/?p=1646#article\",\"isPartOf\":{\"@id\":\"https:\/\/shqiperia-etnike.com\/?p=1646\"},\"author\":{\"name\":\"Shqiperia Etnike\",\"@id\":\"https:\/\/shqiperia-etnike.com\/#\/schema\/person\/0fd1d6077bf90bf4efdc2b515a05c566\"},\"headline\":\"Pamjet misterioze t\u00eb vajz\u00ebs duke p\u00ebrdorur celular\u00eb n\u00eb vitet 1993 n\u00eb Shqip\u00ebri, nga italiani Nilo Ratti\",\"datePublished\":\"2022-06-13T13:54:00+00:00\",\"dateModified\":\"2022-06-13T15:23:32+00:00\",\"mainEntityOfPage\":{\"@id\":\"https:\/\/shqiperia-etnike.com\/?p=1646\"},\"wordCount\":176,\"commentCount\":0,\"publisher\":{\"@id\":\"https:\/\/shqiperia-etnike.com\/#organization\"},\"image\":{\"@id\":\"https:\/\/shqiperia-etnike.com\/?p=1646#primaryimage\"},\"thumbnailUrl\":\"https:\/\/shqiperia-etnike.com\/wp-content\/uploads\/2022\/06\/Screenshot_3-32-1.jpg\",\"articleSection\":[\"Histori\",\"Print\"],\"inLanguage\":\"sq-AL\",\"potentialAction\":[{\"@type\":\"CommentAction\",\"name\":\"Comment\",\"target\":[\"https:\/\/shqiperia-etnike.com\/?p=1646#respond\"]}]},{\"@type\":\"WebPage\",\"@id\":\"https:\/\/shqiperia-etnike.com\/?p=1646\",\"url\":\"https:\/\/shqiperia-etnike.com\/?p=1646\",\"name\":\"Pamjet misterioze t\u00eb vajz\u00ebs duke p\u00ebrdorur celular\u00eb n\u00eb vitet 1993 n\u00eb Shqip\u00ebri, nga italiani Nilo Ratti - Shqip\u00ebria Etnike\",\"isPartOf\":{\"@id\":\"https:\/\/shqiperia-etnike.com\/#website\"},\"primaryImageOfPage\":{\"@id\":\"https:\/\/shqiperia-etnike.com\/?p=1646#primaryimage\"},\"image\":{\"@id\":\"https:\/\/shqiperia-etnike.com\/?p=1646#primaryimage\"},\"thumbnailUrl\":\"https:\/\/shqiperia-etnike.com\/wp-content\/uploads\/2022\/06\/Screenshot_3-32-1.jpg\",\"datePublished\":\"2022-06-13T13:54:00+00:00\",\"dateModified\":\"2022-06-13T15:23:32+00:00\",\"breadcrumb\":{\"@id\":\"https:\/\/shqiperia-etnike.com\/?p=1646#breadcrumb\"},\"inLanguage\":\"sq-AL\",\"potentialAction\":[{\"@type\":\"ReadAction\",\"target\":[\"https:\/\/shqiperia-etnike.com\/?p=1646\"]}]},{\"@type\":\"ImageObject\",\"inLanguage\":\"sq-AL\",\"@id\":\"https:\/\/shqiperia-etnike.com\/?p=1646#primaryimage\",\"url\":\"https:\/\/shqiperia-etnike.com\/wp-content\/uploads\/2022\/06\/Screenshot_3-32-1.jpg\",\"contentUrl\":\"https:\/\/shqiperia-etnike.com\/wp-content\/uploads\/2022\/06\/Screenshot_3-32-1.jpg\",\"width\":789,\"height\":459},{\"@type\":\"BreadcrumbList\",\"@id\":\"https:\/\/shqiperia-etnike.com\/?p=1646#breadcrumb\",\"itemListElement\":[{\"@type\":\"ListItem\",\"position\":1,\"name\":\"Home\",\"item\":\"https:\/\/shqiperia-etnike.com\/\"},{\"@type\":\"ListItem\",\"position\":2,\"name\":\"Pamjet misterioze t\u00eb vajz\u00ebs duke p\u00ebrdorur celular\u00eb n\u00eb vitet 1993 n\u00eb Shqip\u00ebri, nga italiani Nilo Ratti\"}]},{\"@type\":\"WebSite\",\"@id\":\"https:\/\/shqiperia-etnike.com\/#website\",\"url\":\"https:\/\/shqiperia-etnike.com\/\",\"name\":\"Shqip\u00ebria Etnike\",\"description\":\"Gazeta Tradicionale e Veriut\",\"publisher\":{\"@id\":\"https:\/\/shqiperia-etnike.com\/#organization\"},\"potentialAction\":[{\"@type\":\"SearchAction\",\"target\":{\"@type\":\"EntryPoint\",\"urlTemplate\":\"https:\/\/shqiperia-etnike.com\/?s={search_term_string}\"},\"query-input\":{\"@type\":\"PropertyValueSpecification\",\"valueRequired\":true,\"valueName\":\"search_term_string\"}}],\"inLanguage\":\"sq-AL\"},{\"@type\":\"Organization\",\"@id\":\"https:\/\/shqiperia-etnike.com\/#organization\",\"name\":\"Shqip\u00ebria Etnike\",\"url\":\"https:\/\/shqiperia-etnike.com\/\",\"logo\":{\"@type\":\"ImageObject\",\"inLanguage\":\"sq-AL\",\"@id\":\"https:\/\/shqiperia-etnike.com\/#\/schema\/logo\/image\/\",\"url\":\"https:\/\/shqiperia-etnike.com\/wp-content\/uploads\/2022\/05\/shqiperia-etnike-print.jpg\",\"contentUrl\":\"https:\/\/shqiperia-etnike.com\/wp-content\/uploads\/2022\/05\/shqiperia-etnike-print.jpg\",\"width\":600,\"height\":850,\"caption\":\"Shqip\u00ebria Etnike\"},\"image\":{\"@id\":\"https:\/\/shqiperia-etnike.com\/#\/schema\/logo\/image\/\"},\"sameAs\":[\"https:\/\/www.facebook.com\/SqiperiaEtnikeCom\"]},{\"@type\":\"Person\",\"@id\":\"https:\/\/shqiperia-etnike.com\/#\/schema\/person\/0fd1d6077bf90bf4efdc2b515a05c566\",\"name\":\"Shqiperia Etnike\",\"image\":{\"@type\":\"ImageObject\",\"inLanguage\":\"sq-AL\",\"@id\":\"https:\/\/secure.gravatar.com\/avatar\/369d1d5279f7f732a560419d178c5a08d4f0e3ce9ebcd12c874e0463b85c1bc3?s=96&r=g\",\"url\":\"https:\/\/secure.gravatar.com\/avatar\/369d1d5279f7f732a560419d178c5a08d4f0e3ce9ebcd12c874e0463b85c1bc3?s=96&r=g\",\"contentUrl\":\"https:\/\/secure.gravatar.com\/avatar\/369d1d5279f7f732a560419d178c5a08d4f0e3ce9ebcd12c874e0463b85c1bc3?s=96&r=g\",\"caption\":\"Shqiperia Etnike\"},\"description\":\"Admin, Shqip\u00ebria Etnike\",\"sameAs\":[\"https:\/\/shqiperia-etnike.com\/\"],\"url\":\"https:\/\/shqiperia-etnike.com\/?author=2\"}]}<\/script>\n<!-- \/ Yoast SEO plugin. -->","yoast_head_json":{"title":"Pamjet misterioze t\u00eb vajz\u00ebs duke p\u00ebrdorur celular\u00eb n\u00eb vitet 1993 n\u00eb Shqip\u00ebri, nga italiani Nilo Ratti - Shqip\u00ebria Etnike","robots":{"index":"index","follow":"follow","max-snippet":"max-snippet:-1","max-image-preview":"max-image-preview:large","max-video-preview":"max-video-preview:-1"},"canonical":"https:\/\/shqiperia-etnike.com\/?p=1646","og_locale":"sq_AL","og_type":"article","og_title":"Pamjet misterioze t\u00eb vajz\u00ebs duke p\u00ebrdorur celular\u00eb n\u00eb vitet 1993 n\u00eb Shqip\u00ebri, nga italiani Nilo Ratti - Shqip\u00ebria Etnike","og_description":"Nostalgji p\u00ebr Shqip\u00ebrin\u00eb e vitit 1993? Pamje t\u00eb rralla jan\u00eb filmuar nga fotografi Nilo Ratti shum\u00eb vite m\u00eb par\u00eb dhe t\u00eb sjellin n\u00eb v\u00ebmendje filmat e kinematografis\u00eb shqiptare.Tirana ngjan krejt\u00ebsisht ndryshe nga sot. Jetesa n\u00eb fshatra duke e v\u00ebshtir\u00eb, por n\u00eb fytyrat e f\u00ebmij\u00ebve q\u00eb rrezaton nj\u00eb g\u00ebzim. Por nga t\u00eb gjith\u00eb kujtimet q\u00eb ju [&hellip;]","og_url":"https:\/\/shqiperia-etnike.com\/?p=1646","og_site_name":"Shqip\u00ebria Etnike","article_publisher":"https:\/\/www.facebook.com\/SqiperiaEtnikeCom","article_published_time":"2022-06-13T13:54:00+00:00","article_modified_time":"2022-06-13T15:23:32+00:00","og_image":[{"width":789,"height":459,"url":"https:\/\/shqiperia-etnike.com\/wp-content\/uploads\/2022\/06\/Screenshot_3-32-1.jpg","type":"image\/jpeg"}],"author":"Shqiperia Etnike","twitter_card":"summary_large_image","twitter_misc":{"Written by":"Shqiperia Etnike","Est. reading time":"1 minute"},"schema":{"@context":"https:\/\/schema.org","@graph":[{"@type":"Article","@id":"https:\/\/shqiperia-etnike.com\/?p=1646#article","isPartOf":{"@id":"https:\/\/shqiperia-etnike.com\/?p=1646"},"author":{"name":"Shqiperia Etnike","@id":"https:\/\/shqiperia-etnike.com\/#\/schema\/person\/0fd1d6077bf90bf4efdc2b515a05c566"},"headline":"Pamjet misterioze t\u00eb vajz\u00ebs duke p\u00ebrdorur celular\u00eb n\u00eb vitet 1993 n\u00eb Shqip\u00ebri, nga italiani Nilo Ratti","datePublished":"2022-06-13T13:54:00+00:00","dateModified":"2022-06-13T15:23:32+00:00","mainEntityOfPage":{"@id":"https:\/\/shqiperia-etnike.com\/?p=1646"},"wordCount":176,"commentCount":0,"publisher":{"@id":"https:\/\/shqiperia-etnike.com\/#organization"},"image":{"@id":"https:\/\/shqiperia-etnike.com\/?p=1646#primaryimage"},"thumbnailUrl":"https:\/\/shqiperia-etnike.com\/wp-content\/uploads\/2022\/06\/Screenshot_3-32-1.jpg","articleSection":["Histori","Print"],"inLanguage":"sq-AL","potentialAction":[{"@type":"CommentAction","name":"Comment","target":["https:\/\/shqiperia-etnike.com\/?p=1646#respond"]}]},{"@type":"WebPage","@id":"https:\/\/shqiperia-etnike.com\/?p=1646","url":"https:\/\/shqiperia-etnike.com\/?p=1646","name":"Pamjet misterioze t\u00eb vajz\u00ebs duke p\u00ebrdorur celular\u00eb n\u00eb vitet 1993 n\u00eb Shqip\u00ebri, nga italiani Nilo Ratti - Shqip\u00ebria Etnike","isPartOf":{"@id":"https:\/\/shqiperia-etnike.com\/#website"},"primaryImageOfPage":{"@id":"https:\/\/shqiperia-etnike.com\/?p=1646#primaryimage"},"image":{"@id":"https:\/\/shqiperia-etnike.com\/?p=1646#primaryimage"},"thumbnailUrl":"https:\/\/shqiperia-etnike.com\/wp-content\/uploads\/2022\/06\/Screenshot_3-32-1.jpg","datePublished":"2022-06-13T13:54:00+00:00","dateModified":"2022-06-13T15:23:32+00:00","breadcrumb":{"@id":"https:\/\/shqiperia-etnike.com\/?p=1646#breadcrumb"},"inLanguage":"sq-AL","potentialAction":[{"@type":"ReadAction","target":["https:\/\/shqiperia-etnike.com\/?p=1646"]}]},{"@type":"ImageObject","inLanguage":"sq-AL","@id":"https:\/\/shqiperia-etnike.com\/?p=1646#primaryimage","url":"https:\/\/shqiperia-etnike.com\/wp-content\/uploads\/2022\/06\/Screenshot_3-32-1.jpg","contentUrl":"https:\/\/shqiperia-etnike.com\/wp-content\/uploads\/2022\/06\/Screenshot_3-32-1.jpg","width":789,"height":459},{"@type":"BreadcrumbList","@id":"https:\/\/shqiperia-etnike.com\/?p=1646#breadcrumb","itemListElement":[{"@type":"ListItem","position":1,"name":"Home","item":"https:\/\/shqiperia-etnike.com\/"},{"@type":"ListItem","position":2,"name":"Pamjet misterioze t\u00eb vajz\u00ebs duke p\u00ebrdorur celular\u00eb n\u00eb vitet 1993 n\u00eb Shqip\u00ebri, nga italiani Nilo Ratti"}]},{"@type":"WebSite","@id":"https:\/\/shqiperia-etnike.com\/#website","url":"https:\/\/shqiperia-etnike.com\/","name":"Shqip\u00ebria Etnike","description":"Gazeta Tradicionale e Veriut","publisher":{"@id":"https:\/\/shqiperia-etnike.com\/#organization"},"potentialAction":[{"@type":"SearchAction","target":{"@type":"EntryPoint","urlTemplate":"https:\/\/shqiperia-etnike.com\/?s={search_term_string}"},"query-input":{"@type":"PropertyValueSpecification","valueRequired":true,"valueName":"search_term_string"}}],"inLanguage":"sq-AL"},{"@type":"Organization","@id":"https:\/\/shqiperia-etnike.com\/#organization","name":"Shqip\u00ebria Etnike","url":"https:\/\/shqiperia-etnike.com\/","logo":{"@type":"ImageObject","inLanguage":"sq-AL","@id":"https:\/\/shqiperia-etnike.com\/#\/schema\/logo\/image\/","url":"https:\/\/shqiperia-etnike.com\/wp-content\/uploads\/2022\/05\/shqiperia-etnike-print.jpg","contentUrl":"https:\/\/shqiperia-etnike.com\/wp-content\/uploads\/2022\/05\/shqiperia-etnike-print.jpg","width":600,"height":850,"caption":"Shqip\u00ebria Etnike"},"image":{"@id":"https:\/\/shqiperia-etnike.com\/#\/schema\/logo\/image\/"},"sameAs":["https:\/\/www.facebook.com\/SqiperiaEtnikeCom"]},{"@type":"Person","@id":"https:\/\/shqiperia-etnike.com\/#\/schema\/person\/0fd1d6077bf90bf4efdc2b515a05c566","name":"Shqiperia Etnike","image":{"@type":"ImageObject","inLanguage":"sq-AL","@id":"https:\/\/secure.gravatar.com\/avatar\/369d1d5279f7f732a560419d178c5a08d4f0e3ce9ebcd12c874e0463b85c1bc3?s=96&r=g","url":"https:\/\/secure.gravatar.com\/avatar\/369d1d5279f7f732a560419d178c5a08d4f0e3ce9ebcd12c874e0463b85c1bc3?s=96&r=g","contentUrl":"https:\/\/secure.gravatar.com\/avatar\/369d1d5279f7f732a560419d178c5a08d4f0e3ce9ebcd12c874e0463b85c1bc3?s=96&r=g","caption":"Shqiperia Etnike"},"description":"Admin, Shqip\u00ebria Etnike","sameAs":["https:\/\/shqiperia-etnike.com\/"],"url":"https:\/\/shqiperia-etnike.com\/?author=2"}]}},"_links":{"self":[{"href":"https:\/\/shqiperia-etnike.com\/index.php?rest_route=\/wp\/v2\/posts\/1646","targetHints":{"allow":["GET"]}}],"collection":[{"href":"https:\/\/shqiperia-etnike.com\/index.php?rest_route=\/wp\/v2\/posts"}],"about":[{"href":"https:\/\/shqiperia-etnike.com\/index.php?rest_route=\/wp\/v2\/types\/post"}],"author":[{"embeddable":true,"href":"https:\/\/shqiperia-etnike.com\/index.php?rest_route=\/wp\/v2\/users\/2"}],"replies":[{"embeddable":true,"href":"https:\/\/shqiperia-etnike.com\/index.php?rest_route=%2Fwp%2Fv2%2Fcomments&post=1646"}],"version-history":[{"count":3,"href":"https:\/\/shqiperia-etnike.com\/index.php?rest_route=\/wp\/v2\/posts\/1646\/revisions"}],"predecessor-version":[{"id":1650,"href":"https:\/\/shqiperia-etnike.com\/index.php?rest_route=\/wp\/v2\/posts\/1646\/revisions\/1650"}],"wp:featuredmedia":[{"embeddable":true,"href":"https:\/\/shqiperia-etnike.com\/index.php?rest_route=\/wp\/v2\/media\/1647"}],"wp:attachment":[{"href":"https:\/\/shqiperia-etnike.com\/index.php?rest_route=%2Fwp%2Fv2%2Fmedia&parent=1646"}],"wp:term":[{"taxonomy":"category","embeddable":true,"href":"https:\/\/shqiperia-etnike.com\/index.php?rest_route=%2Fwp%2Fv2%2Fcategories&post=1646"},{"taxonomy":"post_tag","embeddable":true,"href":"https:\/\/shqiperia-etnike.com\/index.php?rest_route=%2Fwp%2Fv2%2Ftags&post=1646"}],"curies":[{"name":"wp","href":"https:\/\/api.w.org\/{rel}","templated":true}]}}