{"id":22149,"date":"2024-03-03T22:24:07","date_gmt":"2024-03-03T21:24:07","guid":{"rendered":"https:\/\/shqiperia-etnike.com\/?p=22149"},"modified":"2024-03-03T22:24:07","modified_gmt":"2024-03-03T21:24:07","slug":"super-e-marta-po-afron-donald-trump-ashperson-akuzat-ndaj-biden","status":"publish","type":"post","link":"https:\/\/shqiperia-etnike.com\/?p=22149","title":{"rendered":"\u201cSuper e marta\u201d po afron\/ Donald Trump ashp\u00ebrson akuzat ndaj Biden"},"content":{"rendered":"<p>Dita m\u00eb e r\u00ebnd\u00ebsishme p\u00ebr zgjedhjet paraprake n\u00eb Shtetet e Bashkuara po afron. 5 marsi cil\u00ebsohet si Super e Marta, dita kur 16 shtete amerikane do t\u00eb organizojn\u00eb nj\u00ebkoh\u00ebsisht votimet p\u00ebr zgjedhjet paraprake brenda partive. Deri m\u00eb tani, Presidenti Joe Biden dhe t\u00eb ish Presidenti Donald Trump duket se jan\u00eb qart\u00ebsisht fitues n\u00eb gar\u00ebn brenda partive t\u00eb tyre.<\/p>\n<p>Nd\u00ebrsa afron e marta, zoti Trump ka p\u00ebrshkall\u00ebzuar retorik\u00ebn ndaj zotit Biden, duke e akuzuar at\u00eb se po tenton t\u00eb d\u00ebmtoj\u00eb Shtetet e Bashkuara n\u00ebp\u00ebrmjet emigracionit t\u00eb paligjsh\u00ebm.<\/p>\n<p>Fushata zgjedhore \u00ebsht\u00eb intensifikuar n\u00eb Shtetet e Bashkuara, nd\u00ebrsa 16 shtete pritet t\u00eb mbajn\u00eb nj\u00ebkoh\u00ebsisht t\u00eb mart\u00ebn zgjedhjet paraprake brenda partive.<\/p>\n<p>Ky \u00ebsht\u00eb nj\u00eb moment ky\u00e7 p\u00ebr Presidentin Joe Biden dhe ish Presidentin Donald Trump, t\u00eb cil\u00ebt jan\u00eb kandidat\u00ebt kryesor\u00eb p\u00ebr president respektivisht n\u00eb Partin\u00eb Demokrate dhe Partin\u00eb Republikane. Rezultatet e mira gjat\u00eb votimeve t\u00eb s\u00eb ashtuquajtur\u00ebs Super e Marta, do t\u00eb forconin m\u00eb tej pozitat e tyre.<\/p>\n<p>Garat zgjedhore do t\u00eb zhvillohen q\u00eb nga shteti verior Alaska dhe deri n\u00eb Kaliforni.<\/p>\n<p>N\u00eb Partin\u00eb Demokrate, Presidenti Joe Biden \u00ebsht\u00eb p\u00ebrballur me disa probleme politike, t\u00eb cilat jan\u00eb pasqyruar me ulje t\u00eb p\u00ebrqindjes s\u00eb mb\u00ebshtetjes n\u00eb anketimet e opinionit publik, por q\u00eb p\u00ebrgjith\u00ebsisht nuk i kan\u00eb shkaktuar ende humbje t\u00eb m\u00ebdha gjat\u00eb votimeve paraprake.<\/p>\n<p>Nj\u00eb p\u00ebrjashtim ndodhi n\u00eb shtetin e Mi\u00e7iganit, ku pati nj\u00eb organizim t\u00eb brendsh\u00ebm n\u00eb radh\u00ebt e demokrat\u00ebve p\u00ebr t\u00eb votuar si \u201ct\u00eb pavendosur\u201d, n\u00eb form\u00eb proteste kund\u00ebr mb\u00ebshtetjes s\u00eb Presidentit Biden p\u00ebr Izraelin. \u201cT\u00eb pavendosurit\u201d mblodh\u00ebn n\u00eb Mi\u00e7igan rreth 13% t\u00eb votave, nj\u00eb nivel pak m\u00eb i lart\u00eb krahasuar me zgjedhjet paraprake n\u00eb t\u00eb kaluar\u00ebn.<\/p>\n<p>N\u00eb Partin\u00eb Republikane, ish presidenti Donald Trump gjithashtu vazhdon ta mbizot\u00ebroj\u00eb gar\u00ebn, nd\u00ebrsa kund\u00ebrshtarja e tij kryesore n\u00eb gar\u00eb, ish ambasadorja n\u00eb OKB Nikki Haley, po has n\u00eb v\u00ebshtir\u00ebsi. Ajo madje humbi me nj\u00eb diferenc\u00eb prej mbi 40% n\u00eb zgjedhjet e fundit paraprake n\u00eb Mi\u00e7igan, si dhe m\u00eb her\u00ebt n\u00eb shtetin e saj, Karolin\u00ebn e Jugut.<\/p>\n<p>Ish Presidenti Trump p\u00ebrballet me mb\u00ebshtetje jo t\u00eb mir\u00eb n\u00eb radh\u00ebt e votuesve me arsim universitar.<\/p>\n<p>T\u00eb shtun\u00ebn, gjat\u00eb nj\u00eb tubimi n\u00eb Karolin\u00ebn e Veriut ai p\u00ebrshkall\u00ebzoi edhe m\u00eb tej retorik\u00ebn kund\u00ebr Presidentit Biden, duke e akuzuar at\u00eb p\u00ebr p\u00ebrmbysje t\u00eb rendit shoq\u00ebror amerikan n\u00ebp\u00ebrmjet emigracionit t\u00eb paligjsh\u00ebm.<\/p>\n<p>\u201cSjellja e Biden-it p\u00ebr kufirin ton\u00eb, \u00ebsht\u00eb nga \u00e7do bot\u00ebkuptim, nj\u00eb komplot p\u00ebr t\u00eb shkat\u00ebrruar Shtetet e Bashkuara. Ai flet p\u00ebr demokraci\u2026 dhe ai \u00ebsht\u00eb nj\u00eb rrezik p\u00ebr demokracin\u00eb\u2026 Biden dhe bashk\u00ebpun\u00ebtor\u00ebt e tij duan t\u00eb rr\u00ebzojn\u00eb sistemin amerikan, t\u00eb zhvler\u00ebsojn\u00eb vullnetin e votuesve amerikan\u00eb dhe t\u00eb krijojn\u00eb nj\u00eb baz\u00eb t\u00eb re pushteti q\u00eb u jep kontroll n\u00eb disa gjenerata\u201d, tha zoti Trump.<\/p>\n<p>Kjo deklarat\u00eb duket si nj\u00eb refuzim ndaj ofert\u00ebs p\u00ebr bashk\u00ebpunim q\u00eb b\u00ebri Presidenti Biden m\u00eb her\u00ebt gjat\u00eb vizit\u00ebs n\u00eb zon\u00ebn kufitare n\u00eb Teksas.<\/p>\n<p>\u201cJa se \u00e7far\u00eb do t\u2019i thoja zotit Trump: n\u00eb vend q\u00eb t\u00eb b\u00ebni loj\u00ebra politike me k\u00ebt\u00eb \u00e7\u00ebshtje, n\u00eb vend q\u00eb t\u2019i thoni an\u00ebtar\u00ebve t\u00eb Kongresit q\u00eb ta bllokojn\u00eb legjislacionin, bashkohuni me mua, ose t\u00eb bashkohem un\u00eb me ju dhe t\u2019i themi Kongresit ta miratoj\u00eb k\u00ebt\u00eb projektligj dypartiak p\u00ebr sigurin\u00eb kufitare. Mund t\u2019ia dalim s\u00eb bashku\u201d, tha nga Teksasi Presidenti Biden.<\/p>\n<p>Nd\u00ebrsa emigracioni \u00ebsht\u00eb b\u00ebr\u00eb nj\u00eb tematik\u00eb gjithnj\u00eb m\u00eb e r\u00ebnd\u00ebsishme elektorale p\u00ebr t\u00eb dyja pal\u00ebt, q\u00ebndrimet diametralisht t\u00eb kund\u00ebrta pritet t\u00eb vazhdojn\u00eb edhe pas votimeve paraprake t\u00eb Super t\u00eb Mart\u00ebs. \/VOA<\/p>\n","protected":false},"excerpt":{"rendered":"<p>Dita m\u00eb e r\u00ebnd\u00ebsishme p\u00ebr zgjedhjet paraprake n\u00eb Shtetet e Bashkuara po afron. 5 marsi cil\u00ebsohet si Super e Marta, dita kur 16 shtete amerikane do t\u00eb organizojn\u00eb nj\u00ebkoh\u00ebsisht votimet p\u00ebr zgjedhjet paraprake brenda partive. Deri m\u00eb tani, Presidenti Joe Biden dhe t\u00eb ish Presidenti Donald Trump duket se jan\u00eb qart\u00ebsisht fitues n\u00eb gar\u00ebn brenda [&hellip;]<\/p>\n","protected":false},"author":2,"featured_media":22150,"comment_status":"open","ping_status":"closed","sticky":false,"template":"","format":"standard","meta":{"footnotes":""},"categories":[18],"tags":[2455,2456,1130,2454,2453,877],"class_list":{"0":"post-22149","1":"post","2":"type-post","3":"status-publish","4":"format-standard","5":"has-post-thumbnail","7":"category-bota","8":"tag-afron","9":"tag-akuzat","10":"tag-biden","11":"tag-marta","12":"tag-super","13":"tag-trump"},"yoast_head":"<!-- This site is optimized with the Yoast SEO plugin v27.2 - https:\/\/yoast.com\/product\/yoast-seo-wordpress\/ -->\n<title>\u201cSuper e marta\u201d po afron\/ Donald Trump ashp\u00ebrson akuzat ndaj Biden - Shqip\u00ebria Etnike<\/title>\n<meta name=\"robots\" content=\"index, follow, max-snippet:-1, max-image-preview:large, max-video-preview:-1\" \/>\n<link rel=\"canonical\" href=\"https:\/\/shqiperia-etnike.com\/?p=22149\" \/>\n<meta property=\"og:locale\" content=\"sq_AL\" \/>\n<meta property=\"og:type\" content=\"article\" \/>\n<meta property=\"og:title\" content=\"\u201cSuper e marta\u201d po afron\/ Donald Trump ashp\u00ebrson akuzat ndaj Biden - Shqip\u00ebria Etnike\" \/>\n<meta property=\"og:description\" content=\"Dita m\u00eb e r\u00ebnd\u00ebsishme p\u00ebr zgjedhjet paraprake n\u00eb Shtetet e Bashkuara po afron. 5 marsi cil\u00ebsohet si Super e Marta, dita kur 16 shtete amerikane do t\u00eb organizojn\u00eb nj\u00ebkoh\u00ebsisht votimet p\u00ebr zgjedhjet paraprake brenda partive. Deri m\u00eb tani, Presidenti Joe Biden dhe t\u00eb ish Presidenti Donald Trump duket se jan\u00eb qart\u00ebsisht fitues n\u00eb gar\u00ebn brenda [&hellip;]\" \/>\n<meta property=\"og:url\" content=\"https:\/\/shqiperia-etnike.com\/?p=22149\" \/>\n<meta property=\"og:site_name\" content=\"Shqip\u00ebria Etnike\" \/>\n<meta property=\"article:publisher\" content=\"https:\/\/www.facebook.com\/SqiperiaEtnikeCom\" \/>\n<meta property=\"article:published_time\" content=\"2024-03-03T21:24:07+00:00\" \/>\n<meta property=\"og:image\" content=\"https:\/\/shqiperia-etnike.com\/wp-content\/uploads\/2024\/03\/trumpp.jpg\" \/>\n\t<meta property=\"og:image:width\" content=\"567\" \/>\n\t<meta property=\"og:image:height\" content=\"378\" \/>\n\t<meta property=\"og:image:type\" content=\"image\/jpeg\" \/>\n<meta name=\"author\" content=\"Shqiperia Etnike\" \/>\n<meta name=\"twitter:card\" content=\"summary_large_image\" \/>\n<meta name=\"twitter:label1\" content=\"Written by\" \/>\n\t<meta name=\"twitter:data1\" content=\"Shqiperia Etnike\" \/>\n\t<meta name=\"twitter:label2\" content=\"Est. reading time\" \/>\n\t<meta name=\"twitter:data2\" content=\"3 minutes\" \/>\n<script type=\"application\/ld+json\" class=\"yoast-schema-graph\">{\"@context\":\"https:\/\/schema.org\",\"@graph\":[{\"@type\":\"Article\",\"@id\":\"https:\/\/shqiperia-etnike.com\/?p=22149#article\",\"isPartOf\":{\"@id\":\"https:\/\/shqiperia-etnike.com\/?p=22149\"},\"author\":{\"name\":\"Shqiperia Etnike\",\"@id\":\"https:\/\/shqiperia-etnike.com\/#\/schema\/person\/0fd1d6077bf90bf4efdc2b515a05c566\"},\"headline\":\"\u201cSuper e marta\u201d po afron\/ Donald Trump ashp\u00ebrson akuzat ndaj Biden\",\"datePublished\":\"2024-03-03T21:24:07+00:00\",\"mainEntityOfPage\":{\"@id\":\"https:\/\/shqiperia-etnike.com\/?p=22149\"},\"wordCount\":659,\"commentCount\":0,\"publisher\":{\"@id\":\"https:\/\/shqiperia-etnike.com\/#organization\"},\"image\":{\"@id\":\"https:\/\/shqiperia-etnike.com\/?p=22149#primaryimage\"},\"thumbnailUrl\":\"https:\/\/shqiperia-etnike.com\/wp-content\/uploads\/2024\/03\/trumpp.jpg\",\"keywords\":[\"afron\",\"akuzat\",\"Biden\",\"marta\",\"super\",\"Trump\"],\"articleSection\":[\"Bota\"],\"inLanguage\":\"sq-AL\",\"potentialAction\":[{\"@type\":\"CommentAction\",\"name\":\"Comment\",\"target\":[\"https:\/\/shqiperia-etnike.com\/?p=22149#respond\"]}]},{\"@type\":\"WebPage\",\"@id\":\"https:\/\/shqiperia-etnike.com\/?p=22149\",\"url\":\"https:\/\/shqiperia-etnike.com\/?p=22149\",\"name\":\"\u201cSuper e marta\u201d po afron\/ Donald Trump ashp\u00ebrson akuzat ndaj Biden - Shqip\u00ebria Etnike\",\"isPartOf\":{\"@id\":\"https:\/\/shqiperia-etnike.com\/#website\"},\"primaryImageOfPage\":{\"@id\":\"https:\/\/shqiperia-etnike.com\/?p=22149#primaryimage\"},\"image\":{\"@id\":\"https:\/\/shqiperia-etnike.com\/?p=22149#primaryimage\"},\"thumbnailUrl\":\"https:\/\/shqiperia-etnike.com\/wp-content\/uploads\/2024\/03\/trumpp.jpg\",\"datePublished\":\"2024-03-03T21:24:07+00:00\",\"breadcrumb\":{\"@id\":\"https:\/\/shqiperia-etnike.com\/?p=22149#breadcrumb\"},\"inLanguage\":\"sq-AL\",\"potentialAction\":[{\"@type\":\"ReadAction\",\"target\":[\"https:\/\/shqiperia-etnike.com\/?p=22149\"]}]},{\"@type\":\"ImageObject\",\"inLanguage\":\"sq-AL\",\"@id\":\"https:\/\/shqiperia-etnike.com\/?p=22149#primaryimage\",\"url\":\"https:\/\/shqiperia-etnike.com\/wp-content\/uploads\/2024\/03\/trumpp.jpg\",\"contentUrl\":\"https:\/\/shqiperia-etnike.com\/wp-content\/uploads\/2024\/03\/trumpp.jpg\",\"width\":567,\"height\":378},{\"@type\":\"BreadcrumbList\",\"@id\":\"https:\/\/shqiperia-etnike.com\/?p=22149#breadcrumb\",\"itemListElement\":[{\"@type\":\"ListItem\",\"position\":1,\"name\":\"Home\",\"item\":\"https:\/\/shqiperia-etnike.com\/\"},{\"@type\":\"ListItem\",\"position\":2,\"name\":\"\u201cSuper e marta\u201d po afron\/ Donald Trump ashp\u00ebrson akuzat ndaj Biden\"}]},{\"@type\":\"WebSite\",\"@id\":\"https:\/\/shqiperia-etnike.com\/#website\",\"url\":\"https:\/\/shqiperia-etnike.com\/\",\"name\":\"Shqip\u00ebria Etnike\",\"description\":\"Gazeta Tradicionale e Veriut\",\"publisher\":{\"@id\":\"https:\/\/shqiperia-etnike.com\/#organization\"},\"potentialAction\":[{\"@type\":\"SearchAction\",\"target\":{\"@type\":\"EntryPoint\",\"urlTemplate\":\"https:\/\/shqiperia-etnike.com\/?s={search_term_string}\"},\"query-input\":{\"@type\":\"PropertyValueSpecification\",\"valueRequired\":true,\"valueName\":\"search_term_string\"}}],\"inLanguage\":\"sq-AL\"},{\"@type\":\"Organization\",\"@id\":\"https:\/\/shqiperia-etnike.com\/#organization\",\"name\":\"Shqip\u00ebria Etnike\",\"url\":\"https:\/\/shqiperia-etnike.com\/\",\"logo\":{\"@type\":\"ImageObject\",\"inLanguage\":\"sq-AL\",\"@id\":\"https:\/\/shqiperia-etnike.com\/#\/schema\/logo\/image\/\",\"url\":\"https:\/\/shqiperia-etnike.com\/wp-content\/uploads\/2022\/05\/shqiperia-etnike-print.jpg\",\"contentUrl\":\"https:\/\/shqiperia-etnike.com\/wp-content\/uploads\/2022\/05\/shqiperia-etnike-print.jpg\",\"width\":600,\"height\":850,\"caption\":\"Shqip\u00ebria Etnike\"},\"image\":{\"@id\":\"https:\/\/shqiperia-etnike.com\/#\/schema\/logo\/image\/\"},\"sameAs\":[\"https:\/\/www.facebook.com\/SqiperiaEtnikeCom\"]},{\"@type\":\"Person\",\"@id\":\"https:\/\/shqiperia-etnike.com\/#\/schema\/person\/0fd1d6077bf90bf4efdc2b515a05c566\",\"name\":\"Shqiperia Etnike\",\"image\":{\"@type\":\"ImageObject\",\"inLanguage\":\"sq-AL\",\"@id\":\"https:\/\/secure.gravatar.com\/avatar\/369d1d5279f7f732a560419d178c5a08d4f0e3ce9ebcd12c874e0463b85c1bc3?s=96&r=g\",\"url\":\"https:\/\/secure.gravatar.com\/avatar\/369d1d5279f7f732a560419d178c5a08d4f0e3ce9ebcd12c874e0463b85c1bc3?s=96&r=g\",\"contentUrl\":\"https:\/\/secure.gravatar.com\/avatar\/369d1d5279f7f732a560419d178c5a08d4f0e3ce9ebcd12c874e0463b85c1bc3?s=96&r=g\",\"caption\":\"Shqiperia Etnike\"},\"description\":\"Admin, Shqip\u00ebria Etnike\",\"sameAs\":[\"https:\/\/shqiperia-etnike.com\/\"],\"url\":\"https:\/\/shqiperia-etnike.com\/?author=2\"}]}<\/script>\n<!-- \/ Yoast SEO plugin. -->","yoast_head_json":{"title":"\u201cSuper e marta\u201d po afron\/ Donald Trump ashp\u00ebrson akuzat ndaj Biden - Shqip\u00ebria Etnike","robots":{"index":"index","follow":"follow","max-snippet":"max-snippet:-1","max-image-preview":"max-image-preview:large","max-video-preview":"max-video-preview:-1"},"canonical":"https:\/\/shqiperia-etnike.com\/?p=22149","og_locale":"sq_AL","og_type":"article","og_title":"\u201cSuper e marta\u201d po afron\/ Donald Trump ashp\u00ebrson akuzat ndaj Biden - Shqip\u00ebria Etnike","og_description":"Dita m\u00eb e r\u00ebnd\u00ebsishme p\u00ebr zgjedhjet paraprake n\u00eb Shtetet e Bashkuara po afron. 5 marsi cil\u00ebsohet si Super e Marta, dita kur 16 shtete amerikane do t\u00eb organizojn\u00eb nj\u00ebkoh\u00ebsisht votimet p\u00ebr zgjedhjet paraprake brenda partive. Deri m\u00eb tani, Presidenti Joe Biden dhe t\u00eb ish Presidenti Donald Trump duket se jan\u00eb qart\u00ebsisht fitues n\u00eb gar\u00ebn brenda [&hellip;]","og_url":"https:\/\/shqiperia-etnike.com\/?p=22149","og_site_name":"Shqip\u00ebria Etnike","article_publisher":"https:\/\/www.facebook.com\/SqiperiaEtnikeCom","article_published_time":"2024-03-03T21:24:07+00:00","og_image":[{"width":567,"height":378,"url":"https:\/\/shqiperia-etnike.com\/wp-content\/uploads\/2024\/03\/trumpp.jpg","type":"image\/jpeg"}],"author":"Shqiperia Etnike","twitter_card":"summary_large_image","twitter_misc":{"Written by":"Shqiperia Etnike","Est. reading time":"3 minutes"},"schema":{"@context":"https:\/\/schema.org","@graph":[{"@type":"Article","@id":"https:\/\/shqiperia-etnike.com\/?p=22149#article","isPartOf":{"@id":"https:\/\/shqiperia-etnike.com\/?p=22149"},"author":{"name":"Shqiperia Etnike","@id":"https:\/\/shqiperia-etnike.com\/#\/schema\/person\/0fd1d6077bf90bf4efdc2b515a05c566"},"headline":"\u201cSuper e marta\u201d po afron\/ Donald Trump ashp\u00ebrson akuzat ndaj Biden","datePublished":"2024-03-03T21:24:07+00:00","mainEntityOfPage":{"@id":"https:\/\/shqiperia-etnike.com\/?p=22149"},"wordCount":659,"commentCount":0,"publisher":{"@id":"https:\/\/shqiperia-etnike.com\/#organization"},"image":{"@id":"https:\/\/shqiperia-etnike.com\/?p=22149#primaryimage"},"thumbnailUrl":"https:\/\/shqiperia-etnike.com\/wp-content\/uploads\/2024\/03\/trumpp.jpg","keywords":["afron","akuzat","Biden","marta","super","Trump"],"articleSection":["Bota"],"inLanguage":"sq-AL","potentialAction":[{"@type":"CommentAction","name":"Comment","target":["https:\/\/shqiperia-etnike.com\/?p=22149#respond"]}]},{"@type":"WebPage","@id":"https:\/\/shqiperia-etnike.com\/?p=22149","url":"https:\/\/shqiperia-etnike.com\/?p=22149","name":"\u201cSuper e marta\u201d po afron\/ Donald Trump ashp\u00ebrson akuzat ndaj Biden - Shqip\u00ebria Etnike","isPartOf":{"@id":"https:\/\/shqiperia-etnike.com\/#website"},"primaryImageOfPage":{"@id":"https:\/\/shqiperia-etnike.com\/?p=22149#primaryimage"},"image":{"@id":"https:\/\/shqiperia-etnike.com\/?p=22149#primaryimage"},"thumbnailUrl":"https:\/\/shqiperia-etnike.com\/wp-content\/uploads\/2024\/03\/trumpp.jpg","datePublished":"2024-03-03T21:24:07+00:00","breadcrumb":{"@id":"https:\/\/shqiperia-etnike.com\/?p=22149#breadcrumb"},"inLanguage":"sq-AL","potentialAction":[{"@type":"ReadAction","target":["https:\/\/shqiperia-etnike.com\/?p=22149"]}]},{"@type":"ImageObject","inLanguage":"sq-AL","@id":"https:\/\/shqiperia-etnike.com\/?p=22149#primaryimage","url":"https:\/\/shqiperia-etnike.com\/wp-content\/uploads\/2024\/03\/trumpp.jpg","contentUrl":"https:\/\/shqiperia-etnike.com\/wp-content\/uploads\/2024\/03\/trumpp.jpg","width":567,"height":378},{"@type":"BreadcrumbList","@id":"https:\/\/shqiperia-etnike.com\/?p=22149#breadcrumb","itemListElement":[{"@type":"ListItem","position":1,"name":"Home","item":"https:\/\/shqiperia-etnike.com\/"},{"@type":"ListItem","position":2,"name":"\u201cSuper e marta\u201d po afron\/ Donald Trump ashp\u00ebrson akuzat ndaj Biden"}]},{"@type":"WebSite","@id":"https:\/\/shqiperia-etnike.com\/#website","url":"https:\/\/shqiperia-etnike.com\/","name":"Shqip\u00ebria Etnike","description":"Gazeta Tradicionale e Veriut","publisher":{"@id":"https:\/\/shqiperia-etnike.com\/#organization"},"potentialAction":[{"@type":"SearchAction","target":{"@type":"EntryPoint","urlTemplate":"https:\/\/shqiperia-etnike.com\/?s={search_term_string}"},"query-input":{"@type":"PropertyValueSpecification","valueRequired":true,"valueName":"search_term_string"}}],"inLanguage":"sq-AL"},{"@type":"Organization","@id":"https:\/\/shqiperia-etnike.com\/#organization","name":"Shqip\u00ebria Etnike","url":"https:\/\/shqiperia-etnike.com\/","logo":{"@type":"ImageObject","inLanguage":"sq-AL","@id":"https:\/\/shqiperia-etnike.com\/#\/schema\/logo\/image\/","url":"https:\/\/shqiperia-etnike.com\/wp-content\/uploads\/2022\/05\/shqiperia-etnike-print.jpg","contentUrl":"https:\/\/shqiperia-etnike.com\/wp-content\/uploads\/2022\/05\/shqiperia-etnike-print.jpg","width":600,"height":850,"caption":"Shqip\u00ebria Etnike"},"image":{"@id":"https:\/\/shqiperia-etnike.com\/#\/schema\/logo\/image\/"},"sameAs":["https:\/\/www.facebook.com\/SqiperiaEtnikeCom"]},{"@type":"Person","@id":"https:\/\/shqiperia-etnike.com\/#\/schema\/person\/0fd1d6077bf90bf4efdc2b515a05c566","name":"Shqiperia Etnike","image":{"@type":"ImageObject","inLanguage":"sq-AL","@id":"https:\/\/secure.gravatar.com\/avatar\/369d1d5279f7f732a560419d178c5a08d4f0e3ce9ebcd12c874e0463b85c1bc3?s=96&r=g","url":"https:\/\/secure.gravatar.com\/avatar\/369d1d5279f7f732a560419d178c5a08d4f0e3ce9ebcd12c874e0463b85c1bc3?s=96&r=g","contentUrl":"https:\/\/secure.gravatar.com\/avatar\/369d1d5279f7f732a560419d178c5a08d4f0e3ce9ebcd12c874e0463b85c1bc3?s=96&r=g","caption":"Shqiperia Etnike"},"description":"Admin, Shqip\u00ebria Etnike","sameAs":["https:\/\/shqiperia-etnike.com\/"],"url":"https:\/\/shqiperia-etnike.com\/?author=2"}]}},"_links":{"self":[{"href":"https:\/\/shqiperia-etnike.com\/index.php?rest_route=\/wp\/v2\/posts\/22149","targetHints":{"allow":["GET"]}}],"collection":[{"href":"https:\/\/shqiperia-etnike.com\/index.php?rest_route=\/wp\/v2\/posts"}],"about":[{"href":"https:\/\/shqiperia-etnike.com\/index.php?rest_route=\/wp\/v2\/types\/post"}],"author":[{"embeddable":true,"href":"https:\/\/shqiperia-etnike.com\/index.php?rest_route=\/wp\/v2\/users\/2"}],"replies":[{"embeddable":true,"href":"https:\/\/shqiperia-etnike.com\/index.php?rest_route=%2Fwp%2Fv2%2Fcomments&post=22149"}],"version-history":[{"count":1,"href":"https:\/\/shqiperia-etnike.com\/index.php?rest_route=\/wp\/v2\/posts\/22149\/revisions"}],"predecessor-version":[{"id":22151,"href":"https:\/\/shqiperia-etnike.com\/index.php?rest_route=\/wp\/v2\/posts\/22149\/revisions\/22151"}],"wp:featuredmedia":[{"embeddable":true,"href":"https:\/\/shqiperia-etnike.com\/index.php?rest_route=\/wp\/v2\/media\/22150"}],"wp:attachment":[{"href":"https:\/\/shqiperia-etnike.com\/index.php?rest_route=%2Fwp%2Fv2%2Fmedia&parent=22149"}],"wp:term":[{"taxonomy":"category","embeddable":true,"href":"https:\/\/shqiperia-etnike.com\/index.php?rest_route=%2Fwp%2Fv2%2Fcategories&post=22149"},{"taxonomy":"post_tag","embeddable":true,"href":"https:\/\/shqiperia-etnike.com\/index.php?rest_route=%2Fwp%2Fv2%2Ftags&post=22149"}],"curies":[{"name":"wp","href":"https:\/\/api.w.org\/{rel}","templated":true}]}}