{"id":230,"date":"2022-05-31T13:05:26","date_gmt":"2022-05-31T12:05:26","guid":{"rendered":"https:\/\/shqiperia-etnike.com\/?p=230"},"modified":"2022-05-31T13:05:26","modified_gmt":"2022-05-31T12:05:26","slug":"a-duhet-dhe-si-mund-te-votoje-diaspora","status":"publish","type":"post","link":"https:\/\/shqiperia-etnike.com\/a-duhet-dhe-si-mund-te-votoje-diaspora\/","title":{"rendered":"A duhet dhe si mund t\u00eb votoj\u00eb diaspora?"},"content":{"rendered":"<p><strong>Shkruan Ilir Kalemaj<\/strong><\/p>\n<p>Jemi nj\u00eb vit larg zgjedhjeve lokale t\u00eb 2023shit dhe ende nuk ka nj\u00eb draft diskutimi apo qoft\u00eb dhe konvergjenc\u00eb mendimesh dhe veprimi politik mes aktor\u00ebve opozitar\u00eb, t\u00eb cil\u00ebt jan\u00eb ata q\u00eb e kan\u00eb k\u00ebrkuar qysh n\u00eb krye t\u00eb her\u00ebs k\u00ebt\u00eb reform\u00eb. P\u00ebr t\u00eb parandaluar masakr\u00ebn zgjedhore t\u00eb radh\u00ebs. P\u00ebr t\u00eb garantuar minimumin e liris\u00eb s\u00eb vot\u00ebs dhe shenjt\u00ebrin\u00eb e mosprekjes s\u00eb saj apo shitblerjes si n\u00eb Pazar t\u00eb Roskovecit. Gj\u00eb e cila natyrisht duhet t\u00eb shkonte si dora n\u00eb dorashk\u00eb me reform\u00ebn territorial-administrative e cila prodhoi gjithashtu nj\u00eb salamand\u00ebr elektorale, e ndjer\u00eb ven\u00e7arisht n\u00eb zgjedhjet lokale. Ndryshe, duke filluar nga bashkia Tiran\u00eb, rrezikojn\u00eb t\u2019ja dhurojn\u00eb s\u00ebrish n\u00eb pjat\u00eb Ram\u00ebs dhe Veliajt.<\/p>\n<p><img loading=\"lazy\" decoding=\"async\" class=\"size-medium wp-image-232 alignleft\" src=\"https:\/\/shqiperia-etnike.com\/wp-content\/uploads\/2022\/05\/download-300x164.jpg\" alt=\"\" width=\"300\" height=\"164\" srcset=\"https:\/\/shqiperia-etnike.com\/wp-content\/uploads\/2022\/05\/download-300x164.jpg 300w, https:\/\/shqiperia-etnike.com\/wp-content\/uploads\/2022\/05\/download-150x82.jpg 150w, https:\/\/shqiperia-etnike.com\/wp-content\/uploads\/2022\/05\/download.jpg 303w\" sizes=\"auto, (max-width: 300px) 100vw, 300px\" \/><\/p>\n<p>Nd\u00ebrkoh\u00eb pas nj\u00eb nd\u00ebrprerje shum\u00ebvjecare dhe s\u00ebrish me nd\u00ebrmjet\u00ebsimin e OSBE-s\u00eb, fokusi risillet \u00a0mbi vot\u00ebn e diaspor\u00ebs. Natyrisht si at\u00ebher\u00eb, si tani, lepuri fle n\u00eb detaje. P\u00ebr ta mund\u00ebsuar vot\u00ebn e emigrant\u00ebve n\u00eb praktik\u00eb, dhe jo t\u00eb b\u00ebjn\u00eb gjasme dhe t\u00eb l\u00ebn\u00eb koh\u00ebn t\u00eb rrjedh\u00eb si pa u kuptuar nj\u00eb s\u00ebr\u00eb mekanizmash ligjor\u00eb dhe institucional\u00eb duhet t\u00eb merreshin qysh dje. Sot \u00ebsht\u00eb von\u00eb, nes\u00ebr do t\u00eb thot\u00eb kurr\u00eb. Pasi n\u00eb thelb \u00ebsht\u00eb vullneti politik. N\u00ebse ky ekziston, modelet dhe zgjidhjet jan\u00eb, nuk ka pse t\u00eb shpikim rrot\u00ebn nga e para.<\/p>\n<p>S\u00eb pari, duke qen\u00eb se Shqip\u00ebria figuron me 3.4 milion\u00eb votues, pra rreth dyfishi i atyre q\u00eb realisht votojn\u00eb dhe rreth gjys\u00ebm milioni m\u00eb shum\u00eb se krejt numri i p\u00ebrgjithsh\u00ebm i shqiptar\u00ebve q\u00eb realisht jetojn\u00eb n\u00eb Shqip\u00ebri duke p\u00ebrfshir\u00eb f\u00ebmij\u00eb etj., \u00ebsht\u00eb krejt i mundsh\u00ebm q\u00eb koncepti i zgjerimit t\u00eb s\u00eb drejt\u00ebs s\u00eb vot\u00ebs bazuar n\u00eb listat zgjedhore t\u00eb shtrihet dhe aty ku jetojn\u00eb emigrant\u00ebt shqiptar\u00eb. Sepse natyrisht ata q\u00eb kan\u00eb mund\u00ebsin\u00eb, luksin dhe d\u00ebshir\u00ebn p\u00ebr t\u00eb marr\u00ebn tragetin apo avionin dhe ardhur p\u00ebr t\u00eb votuar e kan\u00eb b\u00ebr\u00eb k\u00ebt\u00eb tashm\u00eb. Ideja \u00ebsht\u00eb t\u00eb mund\u00ebsohen t\u00eb pamundurit. Ku p\u00ebrfshihen natyrisht dhe ata pa adresa fikse, student\u00ebt etj.<\/p>\n<p>T\u2019u k\u00ebrkosh \u00e7do emigranti shqiptar n\u00eb emigrim adresa fikse, apo t\u00eb votojn\u00eb n\u00eb ambasadat apo konsullatat tona, \u00ebsht\u00eb t\u2019u heq\u00ebsh t\u00eb drejt\u00ebn e vot\u00ebs nj\u00eb pjese t\u00eb mir\u00eb syresh, apo t\u00eb sabotosh procesin qysh n\u00eb fillim. N\u00eb fakt, vota mund t\u00eb mund\u00ebsohet n\u00ebp\u00ebrmjet votimit me post\u00eb. Pasi kushtet p\u00ebr votim online nuk ekzistojn\u00eb p\u00ebr momentin p\u00ebrve\u00e7se \u00ebsht\u00eb n\u00eb teori m\u00eb i manipuluesh\u00ebm. Listat e konfirmuara dhe shpallura paraprakisht nga KQZ ku \u00e7do votues shqiptar me banim jasht\u00eb vendit mund t\u00eb gjej\u00eb veten, t\u2019i nis\u00eb k\u00ebrkes\u00ebn me post\u00eb apo email KQZ-s\u00eb, t\u00eb pres\u00eb t\u00eb marr\u00eb zarf t\u00eb paguar nga kjo e fundit me zarf t\u00eb dyt\u00eb me vulat p\u00ebrkat\u00ebse brenda, te votoj\u00eb deri n\u00eb 15 dit\u00eb para dit\u00ebs s\u00eb votimit n\u00eb m\u00ebnyr\u00eb q\u00eb t\u00eb p\u00ebrballohet me sukses fluksi, jan\u00eb disa nga zgjidhjet e propozuara q\u00eb mund ta b\u00ebjn\u00eb realitet vot\u00ebn e emigrant\u00ebve. Por dhe t\u00eb japin garancit\u00eb q\u00eb do t\u00eb num\u00ebrohet si\u00e7 duhet.<\/p>\n","protected":false},"excerpt":{"rendered":"<p>Shkruan Ilir Kalemaj Jemi nj\u00eb vit larg zgjedhjeve lokale t\u00eb 2023shit dhe ende nuk ka nj\u00eb draft diskutimi apo qoft\u00eb dhe konvergjenc\u00eb mendimesh dhe veprimi politik mes aktor\u00ebve opozitar\u00eb, t\u00eb cil\u00ebt jan\u00eb ata q\u00eb e kan\u00eb k\u00ebrkuar qysh n\u00eb krye t\u00eb her\u00ebs k\u00ebt\u00eb reform\u00eb. P\u00ebr t\u00eb parandaluar masakr\u00ebn zgjedhore t\u00eb radh\u00ebs. P\u00ebr t\u00eb garantuar minimumin [&hellip;]<\/p>\n","protected":false},"author":2,"featured_media":231,"comment_status":"open","ping_status":"closed","sticky":false,"template":"","format":"standard","meta":{"footnotes":""},"categories":[16],"tags":[],"class_list":{"0":"post-230","1":"post","2":"type-post","3":"status-publish","4":"format-standard","5":"has-post-thumbnail","7":"category-editorial"},"yoast_head":"<!-- This site is optimized with the Yoast SEO plugin v27.2 - https:\/\/yoast.com\/product\/yoast-seo-wordpress\/ -->\n<title>A duhet dhe si mund t\u00eb votoj\u00eb diaspora? - Shqip\u00ebria Etnike<\/title>\n<meta name=\"robots\" content=\"index, follow, max-snippet:-1, max-image-preview:large, max-video-preview:-1\" \/>\n<link rel=\"canonical\" href=\"https:\/\/shqiperia-etnike.com\/a-duhet-dhe-si-mund-te-votoje-diaspora\/\" \/>\n<meta property=\"og:locale\" content=\"sq_AL\" \/>\n<meta property=\"og:type\" content=\"article\" \/>\n<meta property=\"og:title\" content=\"A duhet dhe si mund t\u00eb votoj\u00eb diaspora? - Shqip\u00ebria Etnike\" \/>\n<meta property=\"og:description\" content=\"Shkruan Ilir Kalemaj Jemi nj\u00eb vit larg zgjedhjeve lokale t\u00eb 2023shit dhe ende nuk ka nj\u00eb draft diskutimi apo qoft\u00eb dhe konvergjenc\u00eb mendimesh dhe veprimi politik mes aktor\u00ebve opozitar\u00eb, t\u00eb cil\u00ebt jan\u00eb ata q\u00eb e kan\u00eb k\u00ebrkuar qysh n\u00eb krye t\u00eb her\u00ebs k\u00ebt\u00eb reform\u00eb. P\u00ebr t\u00eb parandaluar masakr\u00ebn zgjedhore t\u00eb radh\u00ebs. P\u00ebr t\u00eb garantuar minimumin [&hellip;]\" \/>\n<meta property=\"og:url\" content=\"https:\/\/shqiperia-etnike.com\/a-duhet-dhe-si-mund-te-votoje-diaspora\/\" \/>\n<meta property=\"og:site_name\" content=\"Shqip\u00ebria Etnike\" \/>\n<meta property=\"article:publisher\" content=\"https:\/\/www.facebook.com\/SqiperiaEtnikeCom\" \/>\n<meta property=\"article:published_time\" content=\"2022-05-31T12:05:26+00:00\" \/>\n<meta property=\"og:image\" content=\"https:\/\/shqiperia-etnike.com\/wp-content\/uploads\/2022\/05\/lik.jpg\" \/>\n\t<meta property=\"og:image:width\" content=\"960\" \/>\n\t<meta property=\"og:image:height\" content=\"639\" \/>\n\t<meta property=\"og:image:type\" content=\"image\/jpeg\" \/>\n<meta name=\"author\" content=\"Shqiperia Etnike\" \/>\n<meta name=\"twitter:card\" content=\"summary_large_image\" \/>\n<meta name=\"twitter:label1\" content=\"Written by\" \/>\n\t<meta name=\"twitter:data1\" content=\"Shqiperia Etnike\" \/>\n\t<meta name=\"twitter:label2\" content=\"Est. reading time\" \/>\n\t<meta name=\"twitter:data2\" content=\"3 minutes\" \/>\n<script type=\"application\/ld+json\" class=\"yoast-schema-graph\">{\"@context\":\"https:\/\/schema.org\",\"@graph\":[{\"@type\":\"Article\",\"@id\":\"https:\/\/shqiperia-etnike.com\/a-duhet-dhe-si-mund-te-votoje-diaspora\/#article\",\"isPartOf\":{\"@id\":\"https:\/\/shqiperia-etnike.com\/a-duhet-dhe-si-mund-te-votoje-diaspora\/\"},\"author\":{\"name\":\"Shqiperia Etnike\",\"@id\":\"https:\/\/shqiperia-etnike.com\/#\/schema\/person\/0fd1d6077bf90bf4efdc2b515a05c566\"},\"headline\":\"A duhet dhe si mund t\u00eb votoj\u00eb diaspora?\",\"datePublished\":\"2022-05-31T12:05:26+00:00\",\"mainEntityOfPage\":{\"@id\":\"https:\/\/shqiperia-etnike.com\/a-duhet-dhe-si-mund-te-votoje-diaspora\/\"},\"wordCount\":555,\"commentCount\":0,\"publisher\":{\"@id\":\"https:\/\/shqiperia-etnike.com\/#organization\"},\"image\":{\"@id\":\"https:\/\/shqiperia-etnike.com\/a-duhet-dhe-si-mund-te-votoje-diaspora\/#primaryimage\"},\"thumbnailUrl\":\"https:\/\/shqiperia-etnike.com\/wp-content\/uploads\/2022\/05\/lik.jpg\",\"articleSection\":[\"Editorial\"],\"inLanguage\":\"sq-AL\",\"potentialAction\":[{\"@type\":\"CommentAction\",\"name\":\"Comment\",\"target\":[\"https:\/\/shqiperia-etnike.com\/a-duhet-dhe-si-mund-te-votoje-diaspora\/#respond\"]}]},{\"@type\":\"WebPage\",\"@id\":\"https:\/\/shqiperia-etnike.com\/a-duhet-dhe-si-mund-te-votoje-diaspora\/\",\"url\":\"https:\/\/shqiperia-etnike.com\/a-duhet-dhe-si-mund-te-votoje-diaspora\/\",\"name\":\"A duhet dhe si mund t\u00eb votoj\u00eb diaspora? - Shqip\u00ebria Etnike\",\"isPartOf\":{\"@id\":\"https:\/\/shqiperia-etnike.com\/#website\"},\"primaryImageOfPage\":{\"@id\":\"https:\/\/shqiperia-etnike.com\/a-duhet-dhe-si-mund-te-votoje-diaspora\/#primaryimage\"},\"image\":{\"@id\":\"https:\/\/shqiperia-etnike.com\/a-duhet-dhe-si-mund-te-votoje-diaspora\/#primaryimage\"},\"thumbnailUrl\":\"https:\/\/shqiperia-etnike.com\/wp-content\/uploads\/2022\/05\/lik.jpg\",\"datePublished\":\"2022-05-31T12:05:26+00:00\",\"breadcrumb\":{\"@id\":\"https:\/\/shqiperia-etnike.com\/a-duhet-dhe-si-mund-te-votoje-diaspora\/#breadcrumb\"},\"inLanguage\":\"sq-AL\",\"potentialAction\":[{\"@type\":\"ReadAction\",\"target\":[\"https:\/\/shqiperia-etnike.com\/a-duhet-dhe-si-mund-te-votoje-diaspora\/\"]}]},{\"@type\":\"ImageObject\",\"inLanguage\":\"sq-AL\",\"@id\":\"https:\/\/shqiperia-etnike.com\/a-duhet-dhe-si-mund-te-votoje-diaspora\/#primaryimage\",\"url\":\"https:\/\/shqiperia-etnike.com\/wp-content\/uploads\/2022\/05\/lik.jpg\",\"contentUrl\":\"https:\/\/shqiperia-etnike.com\/wp-content\/uploads\/2022\/05\/lik.jpg\",\"width\":960,\"height\":639},{\"@type\":\"BreadcrumbList\",\"@id\":\"https:\/\/shqiperia-etnike.com\/a-duhet-dhe-si-mund-te-votoje-diaspora\/#breadcrumb\",\"itemListElement\":[{\"@type\":\"ListItem\",\"position\":1,\"name\":\"Home\",\"item\":\"https:\/\/shqiperia-etnike.com\/\"},{\"@type\":\"ListItem\",\"position\":2,\"name\":\"A duhet dhe si mund t\u00eb votoj\u00eb diaspora?\"}]},{\"@type\":\"WebSite\",\"@id\":\"https:\/\/shqiperia-etnike.com\/#website\",\"url\":\"https:\/\/shqiperia-etnike.com\/\",\"name\":\"Shqip\u00ebria Etnike\",\"description\":\"Gazeta Tradicionale e Veriut\",\"publisher\":{\"@id\":\"https:\/\/shqiperia-etnike.com\/#organization\"},\"potentialAction\":[{\"@type\":\"SearchAction\",\"target\":{\"@type\":\"EntryPoint\",\"urlTemplate\":\"https:\/\/shqiperia-etnike.com\/?s={search_term_string}\"},\"query-input\":{\"@type\":\"PropertyValueSpecification\",\"valueRequired\":true,\"valueName\":\"search_term_string\"}}],\"inLanguage\":\"sq-AL\"},{\"@type\":\"Organization\",\"@id\":\"https:\/\/shqiperia-etnike.com\/#organization\",\"name\":\"Shqip\u00ebria Etnike\",\"url\":\"https:\/\/shqiperia-etnike.com\/\",\"logo\":{\"@type\":\"ImageObject\",\"inLanguage\":\"sq-AL\",\"@id\":\"https:\/\/shqiperia-etnike.com\/#\/schema\/logo\/image\/\",\"url\":\"https:\/\/shqiperia-etnike.com\/wp-content\/uploads\/2022\/05\/shqiperia-etnike-print.jpg\",\"contentUrl\":\"https:\/\/shqiperia-etnike.com\/wp-content\/uploads\/2022\/05\/shqiperia-etnike-print.jpg\",\"width\":600,\"height\":850,\"caption\":\"Shqip\u00ebria Etnike\"},\"image\":{\"@id\":\"https:\/\/shqiperia-etnike.com\/#\/schema\/logo\/image\/\"},\"sameAs\":[\"https:\/\/www.facebook.com\/SqiperiaEtnikeCom\"]},{\"@type\":\"Person\",\"@id\":\"https:\/\/shqiperia-etnike.com\/#\/schema\/person\/0fd1d6077bf90bf4efdc2b515a05c566\",\"name\":\"Shqiperia Etnike\",\"image\":{\"@type\":\"ImageObject\",\"inLanguage\":\"sq-AL\",\"@id\":\"https:\/\/secure.gravatar.com\/avatar\/369d1d5279f7f732a560419d178c5a08d4f0e3ce9ebcd12c874e0463b85c1bc3?s=96&r=g\",\"url\":\"https:\/\/secure.gravatar.com\/avatar\/369d1d5279f7f732a560419d178c5a08d4f0e3ce9ebcd12c874e0463b85c1bc3?s=96&r=g\",\"contentUrl\":\"https:\/\/secure.gravatar.com\/avatar\/369d1d5279f7f732a560419d178c5a08d4f0e3ce9ebcd12c874e0463b85c1bc3?s=96&r=g\",\"caption\":\"Shqiperia Etnike\"},\"description\":\"Admin, Shqip\u00ebria Etnike\",\"sameAs\":[\"https:\/\/shqiperia-etnike.com\/\"],\"url\":\"https:\/\/shqiperia-etnike.com\/author\/shqiperia-etnike\/\"}]}<\/script>\n<!-- \/ Yoast SEO plugin. -->","yoast_head_json":{"title":"A duhet dhe si mund t\u00eb votoj\u00eb diaspora? - Shqip\u00ebria Etnike","robots":{"index":"index","follow":"follow","max-snippet":"max-snippet:-1","max-image-preview":"max-image-preview:large","max-video-preview":"max-video-preview:-1"},"canonical":"https:\/\/shqiperia-etnike.com\/a-duhet-dhe-si-mund-te-votoje-diaspora\/","og_locale":"sq_AL","og_type":"article","og_title":"A duhet dhe si mund t\u00eb votoj\u00eb diaspora? - Shqip\u00ebria Etnike","og_description":"Shkruan Ilir Kalemaj Jemi nj\u00eb vit larg zgjedhjeve lokale t\u00eb 2023shit dhe ende nuk ka nj\u00eb draft diskutimi apo qoft\u00eb dhe konvergjenc\u00eb mendimesh dhe veprimi politik mes aktor\u00ebve opozitar\u00eb, t\u00eb cil\u00ebt jan\u00eb ata q\u00eb e kan\u00eb k\u00ebrkuar qysh n\u00eb krye t\u00eb her\u00ebs k\u00ebt\u00eb reform\u00eb. P\u00ebr t\u00eb parandaluar masakr\u00ebn zgjedhore t\u00eb radh\u00ebs. P\u00ebr t\u00eb garantuar minimumin [&hellip;]","og_url":"https:\/\/shqiperia-etnike.com\/a-duhet-dhe-si-mund-te-votoje-diaspora\/","og_site_name":"Shqip\u00ebria Etnike","article_publisher":"https:\/\/www.facebook.com\/SqiperiaEtnikeCom","article_published_time":"2022-05-31T12:05:26+00:00","og_image":[{"width":960,"height":639,"url":"https:\/\/shqiperia-etnike.com\/wp-content\/uploads\/2022\/05\/lik.jpg","type":"image\/jpeg"}],"author":"Shqiperia Etnike","twitter_card":"summary_large_image","twitter_misc":{"Written by":"Shqiperia Etnike","Est. reading time":"3 minutes"},"schema":{"@context":"https:\/\/schema.org","@graph":[{"@type":"Article","@id":"https:\/\/shqiperia-etnike.com\/a-duhet-dhe-si-mund-te-votoje-diaspora\/#article","isPartOf":{"@id":"https:\/\/shqiperia-etnike.com\/a-duhet-dhe-si-mund-te-votoje-diaspora\/"},"author":{"name":"Shqiperia Etnike","@id":"https:\/\/shqiperia-etnike.com\/#\/schema\/person\/0fd1d6077bf90bf4efdc2b515a05c566"},"headline":"A duhet dhe si mund t\u00eb votoj\u00eb diaspora?","datePublished":"2022-05-31T12:05:26+00:00","mainEntityOfPage":{"@id":"https:\/\/shqiperia-etnike.com\/a-duhet-dhe-si-mund-te-votoje-diaspora\/"},"wordCount":555,"commentCount":0,"publisher":{"@id":"https:\/\/shqiperia-etnike.com\/#organization"},"image":{"@id":"https:\/\/shqiperia-etnike.com\/a-duhet-dhe-si-mund-te-votoje-diaspora\/#primaryimage"},"thumbnailUrl":"https:\/\/shqiperia-etnike.com\/wp-content\/uploads\/2022\/05\/lik.jpg","articleSection":["Editorial"],"inLanguage":"sq-AL","potentialAction":[{"@type":"CommentAction","name":"Comment","target":["https:\/\/shqiperia-etnike.com\/a-duhet-dhe-si-mund-te-votoje-diaspora\/#respond"]}]},{"@type":"WebPage","@id":"https:\/\/shqiperia-etnike.com\/a-duhet-dhe-si-mund-te-votoje-diaspora\/","url":"https:\/\/shqiperia-etnike.com\/a-duhet-dhe-si-mund-te-votoje-diaspora\/","name":"A duhet dhe si mund t\u00eb votoj\u00eb diaspora? - Shqip\u00ebria Etnike","isPartOf":{"@id":"https:\/\/shqiperia-etnike.com\/#website"},"primaryImageOfPage":{"@id":"https:\/\/shqiperia-etnike.com\/a-duhet-dhe-si-mund-te-votoje-diaspora\/#primaryimage"},"image":{"@id":"https:\/\/shqiperia-etnike.com\/a-duhet-dhe-si-mund-te-votoje-diaspora\/#primaryimage"},"thumbnailUrl":"https:\/\/shqiperia-etnike.com\/wp-content\/uploads\/2022\/05\/lik.jpg","datePublished":"2022-05-31T12:05:26+00:00","breadcrumb":{"@id":"https:\/\/shqiperia-etnike.com\/a-duhet-dhe-si-mund-te-votoje-diaspora\/#breadcrumb"},"inLanguage":"sq-AL","potentialAction":[{"@type":"ReadAction","target":["https:\/\/shqiperia-etnike.com\/a-duhet-dhe-si-mund-te-votoje-diaspora\/"]}]},{"@type":"ImageObject","inLanguage":"sq-AL","@id":"https:\/\/shqiperia-etnike.com\/a-duhet-dhe-si-mund-te-votoje-diaspora\/#primaryimage","url":"https:\/\/shqiperia-etnike.com\/wp-content\/uploads\/2022\/05\/lik.jpg","contentUrl":"https:\/\/shqiperia-etnike.com\/wp-content\/uploads\/2022\/05\/lik.jpg","width":960,"height":639},{"@type":"BreadcrumbList","@id":"https:\/\/shqiperia-etnike.com\/a-duhet-dhe-si-mund-te-votoje-diaspora\/#breadcrumb","itemListElement":[{"@type":"ListItem","position":1,"name":"Home","item":"https:\/\/shqiperia-etnike.com\/"},{"@type":"ListItem","position":2,"name":"A duhet dhe si mund t\u00eb votoj\u00eb diaspora?"}]},{"@type":"WebSite","@id":"https:\/\/shqiperia-etnike.com\/#website","url":"https:\/\/shqiperia-etnike.com\/","name":"Shqip\u00ebria Etnike","description":"Gazeta Tradicionale e Veriut","publisher":{"@id":"https:\/\/shqiperia-etnike.com\/#organization"},"potentialAction":[{"@type":"SearchAction","target":{"@type":"EntryPoint","urlTemplate":"https:\/\/shqiperia-etnike.com\/?s={search_term_string}"},"query-input":{"@type":"PropertyValueSpecification","valueRequired":true,"valueName":"search_term_string"}}],"inLanguage":"sq-AL"},{"@type":"Organization","@id":"https:\/\/shqiperia-etnike.com\/#organization","name":"Shqip\u00ebria Etnike","url":"https:\/\/shqiperia-etnike.com\/","logo":{"@type":"ImageObject","inLanguage":"sq-AL","@id":"https:\/\/shqiperia-etnike.com\/#\/schema\/logo\/image\/","url":"https:\/\/shqiperia-etnike.com\/wp-content\/uploads\/2022\/05\/shqiperia-etnike-print.jpg","contentUrl":"https:\/\/shqiperia-etnike.com\/wp-content\/uploads\/2022\/05\/shqiperia-etnike-print.jpg","width":600,"height":850,"caption":"Shqip\u00ebria Etnike"},"image":{"@id":"https:\/\/shqiperia-etnike.com\/#\/schema\/logo\/image\/"},"sameAs":["https:\/\/www.facebook.com\/SqiperiaEtnikeCom"]},{"@type":"Person","@id":"https:\/\/shqiperia-etnike.com\/#\/schema\/person\/0fd1d6077bf90bf4efdc2b515a05c566","name":"Shqiperia Etnike","image":{"@type":"ImageObject","inLanguage":"sq-AL","@id":"https:\/\/secure.gravatar.com\/avatar\/369d1d5279f7f732a560419d178c5a08d4f0e3ce9ebcd12c874e0463b85c1bc3?s=96&r=g","url":"https:\/\/secure.gravatar.com\/avatar\/369d1d5279f7f732a560419d178c5a08d4f0e3ce9ebcd12c874e0463b85c1bc3?s=96&r=g","contentUrl":"https:\/\/secure.gravatar.com\/avatar\/369d1d5279f7f732a560419d178c5a08d4f0e3ce9ebcd12c874e0463b85c1bc3?s=96&r=g","caption":"Shqiperia Etnike"},"description":"Admin, Shqip\u00ebria Etnike","sameAs":["https:\/\/shqiperia-etnike.com\/"],"url":"https:\/\/shqiperia-etnike.com\/author\/shqiperia-etnike\/"}]}},"_links":{"self":[{"href":"https:\/\/shqiperia-etnike.com\/wp-json\/wp\/v2\/posts\/230","targetHints":{"allow":["GET"]}}],"collection":[{"href":"https:\/\/shqiperia-etnike.com\/wp-json\/wp\/v2\/posts"}],"about":[{"href":"https:\/\/shqiperia-etnike.com\/wp-json\/wp\/v2\/types\/post"}],"author":[{"embeddable":true,"href":"https:\/\/shqiperia-etnike.com\/wp-json\/wp\/v2\/users\/2"}],"replies":[{"embeddable":true,"href":"https:\/\/shqiperia-etnike.com\/wp-json\/wp\/v2\/comments?post=230"}],"version-history":[{"count":1,"href":"https:\/\/shqiperia-etnike.com\/wp-json\/wp\/v2\/posts\/230\/revisions"}],"predecessor-version":[{"id":233,"href":"https:\/\/shqiperia-etnike.com\/wp-json\/wp\/v2\/posts\/230\/revisions\/233"}],"wp:featuredmedia":[{"embeddable":true,"href":"https:\/\/shqiperia-etnike.com\/wp-json\/wp\/v2\/media\/231"}],"wp:attachment":[{"href":"https:\/\/shqiperia-etnike.com\/wp-json\/wp\/v2\/media?parent=230"}],"wp:term":[{"taxonomy":"category","embeddable":true,"href":"https:\/\/shqiperia-etnike.com\/wp-json\/wp\/v2\/categories?post=230"},{"taxonomy":"post_tag","embeddable":true,"href":"https:\/\/shqiperia-etnike.com\/wp-json\/wp\/v2\/tags?post=230"}],"curies":[{"name":"wp","href":"https:\/\/api.w.org\/{rel}","templated":true}]}}