{"id":23215,"date":"2024-05-21T07:43:14","date_gmt":"2024-05-21T06:43:14","guid":{"rendered":"https:\/\/shqiperia-etnike.com\/?p=23215"},"modified":"2024-05-21T07:43:14","modified_gmt":"2024-05-21T06:43:14","slug":"vdekja-e-presidentit-te-iranit-shtepia-e-bardhe-ebrahim-raisi-kishte-gjak-ne-duart-e-tij","status":"publish","type":"post","link":"https:\/\/shqiperia-etnike.com\/vdekja-e-presidentit-te-iranit-shtepia-e-bardhe-ebrahim-raisi-kishte-gjak-ne-duart-e-tij\/","title":{"rendered":"Vdekja e Presidentit t\u00eb Iranit, Sht\u00ebpia e Bardh\u00eb: Ebrahim Raisi kishte \u2018gjak\u2019 n\u00eb duart e tij"},"content":{"rendered":"<p>Sht\u00ebpia e Bardh\u00eb ka komentuar vdekjen e presidentit iranian, teksa ka theksuar se Ebrahim Raisi, kishte \u201cgjak n\u00eb duart e tij\u201d.<\/p>\n<p>Z\u00ebdh\u00ebn\u00ebsi i Departamentit t\u00eb Shtetit, Matthew Miller n\u00eb nj\u00eb konferenc\u00eb p\u00ebr shtyp tha se Presidenti Raisi ishte pjes\u00ebmarr\u00ebs brutal n\u00eb shtypjen e popullit iranian p\u00ebr gati 4 dekada.<\/p>\n<p><em>\u201cAi ishte i p\u00ebrfshir\u00eb n\u00eb abuzime t\u00eb shumta t\u00eb tmerrshme t\u00eb t\u00eb drejtave t\u00eb njeriut, duke p\u00ebrfshir\u00eb luajtjen e nj\u00eb roli ky\u00e7 n\u00eb vrasjen e mij\u00ebra t\u00eb burgosurve politik\u00eb n\u00eb 1988. Disa nga abuzimet m\u00eb t\u00eb k\u00ebqija t\u00eb t\u00eb drejtave t\u00eb njeriut ndodh\u00ebn gjat\u00eb mandatit t\u00eb tij si president, ve\u00e7an\u00ebrisht abuzimet e t\u00eb drejtave t\u00eb grave dhe vajzave t\u00eb Iranit. K\u00ebshtu th\u00ebn\u00eb, na vjen keq p\u00ebr \u00e7do humbje jete. Ne nuk duam t\u00eb shohim dik\u00eb t\u00eb vdes\u00eb n\u00eb nj\u00eb p\u00ebrplasje helikopteri\u201d<\/em>, tha Miller.<\/p>\n<p>Sht\u00ebpia e Bardh\u00eb ka theksuar gjithashtu se pavar\u00ebsisht keqardhjes p\u00ebr vdekjen e Raisit, asnj\u00eb gj\u00eb nuk ndryshon faktin q\u00eb ai kishte gjak n\u00eb duart e tij.<\/p>\n<p><em>\u201cPor kjo nuk e ndryshon realitetin e t\u00eb dh\u00ebnave t\u00eb tij, si gjyqtar dhe si president i Iranit, fakti q\u00eb ai kishte gjak n\u00eb duart e tij\u201d,<\/em>\u00a0shprehet Sht\u00ebpia e Bardh\u00eb.<\/p>\n<p>Protestuesit iranian\u00eb kan\u00eb shprehur &#8220;g\u00ebzim&#8221; p\u00ebr vdekjen e presidentit Ebrahim Raisi, i cili u quajt &#8220;Kasapi i Teheranit&#8221;. Nd\u00ebrkoh\u00eb disa burra shtr\u00ebngonin rruazat e lutjes dhe po qanin, nd\u00ebrsa gra t\u00eb veshura me \u00e7adrat e zeza u mblodh\u00ebn s\u00eb bashku duke mbajtur fotot e udh\u00ebheq\u00ebsit t\u00eb vdekur.<\/p>\n<p>Kujtojm\u00eb se Ebrahim Raisi dhe Hossein Amir Abdollahian u vran\u00eb n\u00eb nj\u00eb aksident me helikopter t\u00eb diel\u00ebn, nd\u00ebrsa vendi ka hyr\u00eb n\u00eb nj\u00eb periudh\u00eb zie pes\u00ebditore.<\/p>\n<p>Sot do t\u00eb mbahet dhe ceremonia mortore n\u00eb qytetin verilindor t\u00eb Tabrizit dhe Qom, n\u00eb qytetin e Vatikanit t\u00eb Iranit dhe n\u00eb sht\u00ebpin\u00eb e seminareve kryesore shiite. T\u00eb gjitha zyrat qeveritare dhe bizneset do t\u00eb mbyllen.<\/p>\n<p>Ceremonit\u00eb tre-ditore do t\u00eb p\u00ebrfundojn\u00eb t\u00eb enjten me varrimin e presidentit Ebrahim Raisi n\u00eb Mashhad, qytetin ku ai ka lindur. Udh\u00ebheq\u00ebsi suprem i Iranit Ayatollah Ali Khamenei do t\u00eb lutet mbi trupat e tyre t\u00eb m\u00ebrkur\u00ebn.<\/p>\n<p>Kujtojm\u00eb se Ebrahim Raisi udh\u00ebtonte bashk\u00eb me an\u00ebtar\u00eb t\u00eb tjer\u00eb t\u00eb kabinetit qeveritar, teksa humb\u00ebn t\u00eb gjith\u00eb jet\u00ebn, pasi helikopteri me t\u00eb cilin udh\u00ebtonin u rr\u00ebzua n\u00eb veri-per\u00ebndim t\u00eb Iranit, nd\u00ebrsa vendi ka hyr\u00eb n\u00eb nj\u00eb periudh\u00eb zie pes\u00ebditore.<\/p>\n<p><em><strong>Kush ishte Raisi?<\/strong><\/em><\/p>\n<p>Raisi, 63 vje\u00e7, \u00ebsht\u00eb nj\u00eb linj\u00eb e ashp\u00ebr q\u00eb ka udh\u00ebhequr m\u00eb par\u00eb gjyq\u00ebsorin e vendit. Ai shihet si i mbrojturi i Khameneit dhe disa analist\u00eb kan\u00eb sugjeruar se ai mund t\u00eb z\u00ebvend\u00ebsoj\u00eb liderin 85-vje\u00e7ar pas vdekjes s\u00eb tij ose dor\u00ebheqjes nga posti.<\/p>\n<p>Raisi fitoi zgjedhjet presidenciale t\u00eb Iranit t\u00eb vitit 2021, nj\u00eb votim q\u00eb pa pjes\u00ebmarrjen m\u00eb t\u00eb ul\u00ebt n\u00eb historin\u00eb e Republik\u00ebs Islamike. Raisi \u00ebsht\u00eb sanksionuar nga SHBA pjes\u00ebrisht p\u00ebr p\u00ebrfshirjen e tij n\u00eb ekzekutimin masiv t\u00eb mij\u00ebra t\u00eb burgosurve politik\u00eb n\u00eb vitin 1988 n\u00eb fund t\u00eb luft\u00ebs s\u00eb p\u00ebrgjakshme Iran-Irak.<\/p>\n<p>N\u00ebn Raisi, Irani tani pasuron uranium n\u00eb nivele pothuajse t\u00eb nivelit t\u00eb arm\u00ebve dhe pengon inspektimet nd\u00ebrkomb\u00ebtare. Irani ka armatosur Rusin\u00eb n\u00eb luft\u00ebn e saj kund\u00ebr Ukrain\u00ebs, si dhe ka nisur nj\u00eb sulm masiv me drone dhe raketa ndaj Izraelit n\u00eb mes t\u00eb luft\u00ebs s\u00eb tij kund\u00ebr Hamasit n\u00eb Rripin e Gaz\u00ebs. Ajo gjithashtu ka vazhduar armatosjen e grupeve p\u00ebrfaq\u00ebsuese n\u00eb Lindjen e Mesme, si rebel\u00ebt Houthi t\u00eb Jemenit dhe Hezbollahun e Libanit.<\/p>\n<p>Nd\u00ebrkoh\u00eb protestat masive n\u00eb vend kan\u00eb t\u00ebrbuar prej vitesh. M\u00eb e fundit kishte t\u00eb b\u00ebnte me vdekjen e Mahsa Amini n\u00eb vitin 2022, nj\u00eb grua e cila ishte arrestuar m\u00eb her\u00ebt pasi dyshohej se nuk mbante hixhab ose shami, sipas d\u00ebshir\u00ebs s\u00eb autoriteteve. Goditja disamujore e siguris\u00eb q\u00eb pasoi demonstratat vrau m\u00eb shum\u00eb se 500 njer\u00ebz dhe pa mbi 22,000 t\u00eb arrestuar.<\/p>\n<p>N\u00eb mars, nj\u00eb panel hetimor i Kombeve t\u00eb Bashkuara zbuloi se Irani ishte p\u00ebrgjegj\u00ebs p\u00ebr &#8220;dhun\u00ebn fizike&#8221; q\u00eb \u00e7oi n\u00eb vdekjen e Amini.<\/p>\n","protected":false},"excerpt":{"rendered":"<p>Sht\u00ebpia e Bardh\u00eb ka komentuar vdekjen e presidentit iranian, teksa ka theksuar se Ebrahim Raisi, kishte \u201cgjak n\u00eb duart e tij\u201d. Z\u00ebdh\u00ebn\u00ebsi i Departamentit t\u00eb Shtetit, Matthew Miller n\u00eb nj\u00eb konferenc\u00eb p\u00ebr shtyp tha se Presidenti Raisi ishte pjes\u00ebmarr\u00ebs brutal n\u00eb shtypjen e popullit iranian p\u00ebr gati 4 dekada. \u201cAi ishte i p\u00ebrfshir\u00eb n\u00eb abuzime [&hellip;]<\/p>\n","protected":false},"author":2,"featured_media":23216,"comment_status":"open","ping_status":"closed","sticky":false,"template":"","format":"standard","meta":{"footnotes":""},"categories":[18],"tags":[3147,3148,3145,3146],"class_list":{"0":"post-23215","1":"post","2":"type-post","3":"status-publish","4":"format-standard","5":"has-post-thumbnail","7":"category-bota","8":"tag-iranit","9":"tag-libanit","10":"tag-raisi","11":"tag-votim"},"yoast_head":"<!-- This site is optimized with the Yoast SEO plugin v27.2 - https:\/\/yoast.com\/product\/yoast-seo-wordpress\/ -->\n<title>Vdekja e Presidentit t\u00eb Iranit, Sht\u00ebpia e Bardh\u00eb: Ebrahim Raisi kishte \u2018gjak\u2019 n\u00eb duart e tij - Shqip\u00ebria Etnike<\/title>\n<meta name=\"robots\" content=\"index, follow, max-snippet:-1, max-image-preview:large, max-video-preview:-1\" \/>\n<link rel=\"canonical\" href=\"https:\/\/shqiperia-etnike.com\/vdekja-e-presidentit-te-iranit-shtepia-e-bardhe-ebrahim-raisi-kishte-gjak-ne-duart-e-tij\/\" \/>\n<meta property=\"og:locale\" content=\"sq_AL\" \/>\n<meta property=\"og:type\" content=\"article\" \/>\n<meta property=\"og:title\" content=\"Vdekja e Presidentit t\u00eb Iranit, Sht\u00ebpia e Bardh\u00eb: Ebrahim Raisi kishte \u2018gjak\u2019 n\u00eb duart e tij - Shqip\u00ebria Etnike\" \/>\n<meta property=\"og:description\" content=\"Sht\u00ebpia e Bardh\u00eb ka komentuar vdekjen e presidentit iranian, teksa ka theksuar se Ebrahim Raisi, kishte \u201cgjak n\u00eb duart e tij\u201d. Z\u00ebdh\u00ebn\u00ebsi i Departamentit t\u00eb Shtetit, Matthew Miller n\u00eb nj\u00eb konferenc\u00eb p\u00ebr shtyp tha se Presidenti Raisi ishte pjes\u00ebmarr\u00ebs brutal n\u00eb shtypjen e popullit iranian p\u00ebr gati 4 dekada. \u201cAi ishte i p\u00ebrfshir\u00eb n\u00eb abuzime [&hellip;]\" \/>\n<meta property=\"og:url\" content=\"https:\/\/shqiperia-etnike.com\/vdekja-e-presidentit-te-iranit-shtepia-e-bardhe-ebrahim-raisi-kishte-gjak-ne-duart-e-tij\/\" \/>\n<meta property=\"og:site_name\" content=\"Shqip\u00ebria Etnike\" \/>\n<meta property=\"article:publisher\" content=\"https:\/\/www.facebook.com\/SqiperiaEtnikeCom\" \/>\n<meta property=\"article:published_time\" content=\"2024-05-21T06:43:14+00:00\" \/>\n<meta property=\"og:image\" content=\"https:\/\/shqiperia-etnike.com\/wp-content\/uploads\/2024\/05\/900-0-1716273025xraisi-599.png\" \/>\n\t<meta property=\"og:image:width\" content=\"900\" \/>\n\t<meta property=\"og:image:height\" content=\"507\" \/>\n\t<meta property=\"og:image:type\" content=\"image\/png\" \/>\n<meta name=\"author\" content=\"Shqiperia Etnike\" \/>\n<meta name=\"twitter:card\" content=\"summary_large_image\" \/>\n<meta name=\"twitter:label1\" content=\"Written by\" \/>\n\t<meta name=\"twitter:data1\" content=\"Shqiperia Etnike\" \/>\n\t<meta name=\"twitter:label2\" content=\"Est. reading time\" \/>\n\t<meta name=\"twitter:data2\" content=\"4 minutes\" \/>\n<script type=\"application\/ld+json\" class=\"yoast-schema-graph\">{\"@context\":\"https:\/\/schema.org\",\"@graph\":[{\"@type\":\"Article\",\"@id\":\"https:\/\/shqiperia-etnike.com\/vdekja-e-presidentit-te-iranit-shtepia-e-bardhe-ebrahim-raisi-kishte-gjak-ne-duart-e-tij\/#article\",\"isPartOf\":{\"@id\":\"https:\/\/shqiperia-etnike.com\/vdekja-e-presidentit-te-iranit-shtepia-e-bardhe-ebrahim-raisi-kishte-gjak-ne-duart-e-tij\/\"},\"author\":{\"name\":\"Shqiperia Etnike\",\"@id\":\"https:\/\/shqiperia-etnike.com\/#\/schema\/person\/0fd1d6077bf90bf4efdc2b515a05c566\"},\"headline\":\"Vdekja e Presidentit t\u00eb Iranit, Sht\u00ebpia e Bardh\u00eb: Ebrahim Raisi kishte \u2018gjak\u2019 n\u00eb duart e tij\",\"datePublished\":\"2024-05-21T06:43:14+00:00\",\"mainEntityOfPage\":{\"@id\":\"https:\/\/shqiperia-etnike.com\/vdekja-e-presidentit-te-iranit-shtepia-e-bardhe-ebrahim-raisi-kishte-gjak-ne-duart-e-tij\/\"},\"wordCount\":726,\"commentCount\":0,\"publisher\":{\"@id\":\"https:\/\/shqiperia-etnike.com\/#organization\"},\"image\":{\"@id\":\"https:\/\/shqiperia-etnike.com\/vdekja-e-presidentit-te-iranit-shtepia-e-bardhe-ebrahim-raisi-kishte-gjak-ne-duart-e-tij\/#primaryimage\"},\"thumbnailUrl\":\"https:\/\/shqiperia-etnike.com\/wp-content\/uploads\/2024\/05\/900-0-1716273025xraisi-599.png\",\"keywords\":[\"Iranit\",\"Libanit\",\"Raisi\",\"votim\"],\"articleSection\":[\"Bota\"],\"inLanguage\":\"sq-AL\",\"potentialAction\":[{\"@type\":\"CommentAction\",\"name\":\"Comment\",\"target\":[\"https:\/\/shqiperia-etnike.com\/vdekja-e-presidentit-te-iranit-shtepia-e-bardhe-ebrahim-raisi-kishte-gjak-ne-duart-e-tij\/#respond\"]}]},{\"@type\":\"WebPage\",\"@id\":\"https:\/\/shqiperia-etnike.com\/vdekja-e-presidentit-te-iranit-shtepia-e-bardhe-ebrahim-raisi-kishte-gjak-ne-duart-e-tij\/\",\"url\":\"https:\/\/shqiperia-etnike.com\/vdekja-e-presidentit-te-iranit-shtepia-e-bardhe-ebrahim-raisi-kishte-gjak-ne-duart-e-tij\/\",\"name\":\"Vdekja e Presidentit t\u00eb Iranit, Sht\u00ebpia e Bardh\u00eb: Ebrahim Raisi kishte \u2018gjak\u2019 n\u00eb duart e tij - Shqip\u00ebria Etnike\",\"isPartOf\":{\"@id\":\"https:\/\/shqiperia-etnike.com\/#website\"},\"primaryImageOfPage\":{\"@id\":\"https:\/\/shqiperia-etnike.com\/vdekja-e-presidentit-te-iranit-shtepia-e-bardhe-ebrahim-raisi-kishte-gjak-ne-duart-e-tij\/#primaryimage\"},\"image\":{\"@id\":\"https:\/\/shqiperia-etnike.com\/vdekja-e-presidentit-te-iranit-shtepia-e-bardhe-ebrahim-raisi-kishte-gjak-ne-duart-e-tij\/#primaryimage\"},\"thumbnailUrl\":\"https:\/\/shqiperia-etnike.com\/wp-content\/uploads\/2024\/05\/900-0-1716273025xraisi-599.png\",\"datePublished\":\"2024-05-21T06:43:14+00:00\",\"breadcrumb\":{\"@id\":\"https:\/\/shqiperia-etnike.com\/vdekja-e-presidentit-te-iranit-shtepia-e-bardhe-ebrahim-raisi-kishte-gjak-ne-duart-e-tij\/#breadcrumb\"},\"inLanguage\":\"sq-AL\",\"potentialAction\":[{\"@type\":\"ReadAction\",\"target\":[\"https:\/\/shqiperia-etnike.com\/vdekja-e-presidentit-te-iranit-shtepia-e-bardhe-ebrahim-raisi-kishte-gjak-ne-duart-e-tij\/\"]}]},{\"@type\":\"ImageObject\",\"inLanguage\":\"sq-AL\",\"@id\":\"https:\/\/shqiperia-etnike.com\/vdekja-e-presidentit-te-iranit-shtepia-e-bardhe-ebrahim-raisi-kishte-gjak-ne-duart-e-tij\/#primaryimage\",\"url\":\"https:\/\/shqiperia-etnike.com\/wp-content\/uploads\/2024\/05\/900-0-1716273025xraisi-599.png\",\"contentUrl\":\"https:\/\/shqiperia-etnike.com\/wp-content\/uploads\/2024\/05\/900-0-1716273025xraisi-599.png\",\"width\":900,\"height\":507},{\"@type\":\"BreadcrumbList\",\"@id\":\"https:\/\/shqiperia-etnike.com\/vdekja-e-presidentit-te-iranit-shtepia-e-bardhe-ebrahim-raisi-kishte-gjak-ne-duart-e-tij\/#breadcrumb\",\"itemListElement\":[{\"@type\":\"ListItem\",\"position\":1,\"name\":\"Home\",\"item\":\"https:\/\/shqiperia-etnike.com\/\"},{\"@type\":\"ListItem\",\"position\":2,\"name\":\"Vdekja e Presidentit t\u00eb Iranit, Sht\u00ebpia e Bardh\u00eb: Ebrahim Raisi kishte \u2018gjak\u2019 n\u00eb duart e tij\"}]},{\"@type\":\"WebSite\",\"@id\":\"https:\/\/shqiperia-etnike.com\/#website\",\"url\":\"https:\/\/shqiperia-etnike.com\/\",\"name\":\"Shqip\u00ebria Etnike\",\"description\":\"Gazeta Tradicionale e Veriut\",\"publisher\":{\"@id\":\"https:\/\/shqiperia-etnike.com\/#organization\"},\"potentialAction\":[{\"@type\":\"SearchAction\",\"target\":{\"@type\":\"EntryPoint\",\"urlTemplate\":\"https:\/\/shqiperia-etnike.com\/?s={search_term_string}\"},\"query-input\":{\"@type\":\"PropertyValueSpecification\",\"valueRequired\":true,\"valueName\":\"search_term_string\"}}],\"inLanguage\":\"sq-AL\"},{\"@type\":\"Organization\",\"@id\":\"https:\/\/shqiperia-etnike.com\/#organization\",\"name\":\"Shqip\u00ebria Etnike\",\"url\":\"https:\/\/shqiperia-etnike.com\/\",\"logo\":{\"@type\":\"ImageObject\",\"inLanguage\":\"sq-AL\",\"@id\":\"https:\/\/shqiperia-etnike.com\/#\/schema\/logo\/image\/\",\"url\":\"https:\/\/shqiperia-etnike.com\/wp-content\/uploads\/2022\/05\/shqiperia-etnike-print.jpg\",\"contentUrl\":\"https:\/\/shqiperia-etnike.com\/wp-content\/uploads\/2022\/05\/shqiperia-etnike-print.jpg\",\"width\":600,\"height\":850,\"caption\":\"Shqip\u00ebria Etnike\"},\"image\":{\"@id\":\"https:\/\/shqiperia-etnike.com\/#\/schema\/logo\/image\/\"},\"sameAs\":[\"https:\/\/www.facebook.com\/SqiperiaEtnikeCom\"]},{\"@type\":\"Person\",\"@id\":\"https:\/\/shqiperia-etnike.com\/#\/schema\/person\/0fd1d6077bf90bf4efdc2b515a05c566\",\"name\":\"Shqiperia Etnike\",\"image\":{\"@type\":\"ImageObject\",\"inLanguage\":\"sq-AL\",\"@id\":\"https:\/\/secure.gravatar.com\/avatar\/369d1d5279f7f732a560419d178c5a08d4f0e3ce9ebcd12c874e0463b85c1bc3?s=96&r=g\",\"url\":\"https:\/\/secure.gravatar.com\/avatar\/369d1d5279f7f732a560419d178c5a08d4f0e3ce9ebcd12c874e0463b85c1bc3?s=96&r=g\",\"contentUrl\":\"https:\/\/secure.gravatar.com\/avatar\/369d1d5279f7f732a560419d178c5a08d4f0e3ce9ebcd12c874e0463b85c1bc3?s=96&r=g\",\"caption\":\"Shqiperia Etnike\"},\"description\":\"Admin, Shqip\u00ebria Etnike\",\"sameAs\":[\"https:\/\/shqiperia-etnike.com\/\"],\"url\":\"https:\/\/shqiperia-etnike.com\/author\/shqiperia-etnike\/\"}]}<\/script>\n<!-- \/ Yoast SEO plugin. -->","yoast_head_json":{"title":"Vdekja e Presidentit t\u00eb Iranit, Sht\u00ebpia e Bardh\u00eb: Ebrahim Raisi kishte \u2018gjak\u2019 n\u00eb duart e tij - Shqip\u00ebria Etnike","robots":{"index":"index","follow":"follow","max-snippet":"max-snippet:-1","max-image-preview":"max-image-preview:large","max-video-preview":"max-video-preview:-1"},"canonical":"https:\/\/shqiperia-etnike.com\/vdekja-e-presidentit-te-iranit-shtepia-e-bardhe-ebrahim-raisi-kishte-gjak-ne-duart-e-tij\/","og_locale":"sq_AL","og_type":"article","og_title":"Vdekja e Presidentit t\u00eb Iranit, Sht\u00ebpia e Bardh\u00eb: Ebrahim Raisi kishte \u2018gjak\u2019 n\u00eb duart e tij - Shqip\u00ebria Etnike","og_description":"Sht\u00ebpia e Bardh\u00eb ka komentuar vdekjen e presidentit iranian, teksa ka theksuar se Ebrahim Raisi, kishte \u201cgjak n\u00eb duart e tij\u201d. Z\u00ebdh\u00ebn\u00ebsi i Departamentit t\u00eb Shtetit, Matthew Miller n\u00eb nj\u00eb konferenc\u00eb p\u00ebr shtyp tha se Presidenti Raisi ishte pjes\u00ebmarr\u00ebs brutal n\u00eb shtypjen e popullit iranian p\u00ebr gati 4 dekada. \u201cAi ishte i p\u00ebrfshir\u00eb n\u00eb abuzime [&hellip;]","og_url":"https:\/\/shqiperia-etnike.com\/vdekja-e-presidentit-te-iranit-shtepia-e-bardhe-ebrahim-raisi-kishte-gjak-ne-duart-e-tij\/","og_site_name":"Shqip\u00ebria Etnike","article_publisher":"https:\/\/www.facebook.com\/SqiperiaEtnikeCom","article_published_time":"2024-05-21T06:43:14+00:00","og_image":[{"width":900,"height":507,"url":"https:\/\/shqiperia-etnike.com\/wp-content\/uploads\/2024\/05\/900-0-1716273025xraisi-599.png","type":"image\/png"}],"author":"Shqiperia Etnike","twitter_card":"summary_large_image","twitter_misc":{"Written by":"Shqiperia Etnike","Est. reading time":"4 minutes"},"schema":{"@context":"https:\/\/schema.org","@graph":[{"@type":"Article","@id":"https:\/\/shqiperia-etnike.com\/vdekja-e-presidentit-te-iranit-shtepia-e-bardhe-ebrahim-raisi-kishte-gjak-ne-duart-e-tij\/#article","isPartOf":{"@id":"https:\/\/shqiperia-etnike.com\/vdekja-e-presidentit-te-iranit-shtepia-e-bardhe-ebrahim-raisi-kishte-gjak-ne-duart-e-tij\/"},"author":{"name":"Shqiperia Etnike","@id":"https:\/\/shqiperia-etnike.com\/#\/schema\/person\/0fd1d6077bf90bf4efdc2b515a05c566"},"headline":"Vdekja e Presidentit t\u00eb Iranit, Sht\u00ebpia e Bardh\u00eb: Ebrahim Raisi kishte \u2018gjak\u2019 n\u00eb duart e tij","datePublished":"2024-05-21T06:43:14+00:00","mainEntityOfPage":{"@id":"https:\/\/shqiperia-etnike.com\/vdekja-e-presidentit-te-iranit-shtepia-e-bardhe-ebrahim-raisi-kishte-gjak-ne-duart-e-tij\/"},"wordCount":726,"commentCount":0,"publisher":{"@id":"https:\/\/shqiperia-etnike.com\/#organization"},"image":{"@id":"https:\/\/shqiperia-etnike.com\/vdekja-e-presidentit-te-iranit-shtepia-e-bardhe-ebrahim-raisi-kishte-gjak-ne-duart-e-tij\/#primaryimage"},"thumbnailUrl":"https:\/\/shqiperia-etnike.com\/wp-content\/uploads\/2024\/05\/900-0-1716273025xraisi-599.png","keywords":["Iranit","Libanit","Raisi","votim"],"articleSection":["Bota"],"inLanguage":"sq-AL","potentialAction":[{"@type":"CommentAction","name":"Comment","target":["https:\/\/shqiperia-etnike.com\/vdekja-e-presidentit-te-iranit-shtepia-e-bardhe-ebrahim-raisi-kishte-gjak-ne-duart-e-tij\/#respond"]}]},{"@type":"WebPage","@id":"https:\/\/shqiperia-etnike.com\/vdekja-e-presidentit-te-iranit-shtepia-e-bardhe-ebrahim-raisi-kishte-gjak-ne-duart-e-tij\/","url":"https:\/\/shqiperia-etnike.com\/vdekja-e-presidentit-te-iranit-shtepia-e-bardhe-ebrahim-raisi-kishte-gjak-ne-duart-e-tij\/","name":"Vdekja e Presidentit t\u00eb Iranit, Sht\u00ebpia e Bardh\u00eb: Ebrahim Raisi kishte \u2018gjak\u2019 n\u00eb duart e tij - Shqip\u00ebria Etnike","isPartOf":{"@id":"https:\/\/shqiperia-etnike.com\/#website"},"primaryImageOfPage":{"@id":"https:\/\/shqiperia-etnike.com\/vdekja-e-presidentit-te-iranit-shtepia-e-bardhe-ebrahim-raisi-kishte-gjak-ne-duart-e-tij\/#primaryimage"},"image":{"@id":"https:\/\/shqiperia-etnike.com\/vdekja-e-presidentit-te-iranit-shtepia-e-bardhe-ebrahim-raisi-kishte-gjak-ne-duart-e-tij\/#primaryimage"},"thumbnailUrl":"https:\/\/shqiperia-etnike.com\/wp-content\/uploads\/2024\/05\/900-0-1716273025xraisi-599.png","datePublished":"2024-05-21T06:43:14+00:00","breadcrumb":{"@id":"https:\/\/shqiperia-etnike.com\/vdekja-e-presidentit-te-iranit-shtepia-e-bardhe-ebrahim-raisi-kishte-gjak-ne-duart-e-tij\/#breadcrumb"},"inLanguage":"sq-AL","potentialAction":[{"@type":"ReadAction","target":["https:\/\/shqiperia-etnike.com\/vdekja-e-presidentit-te-iranit-shtepia-e-bardhe-ebrahim-raisi-kishte-gjak-ne-duart-e-tij\/"]}]},{"@type":"ImageObject","inLanguage":"sq-AL","@id":"https:\/\/shqiperia-etnike.com\/vdekja-e-presidentit-te-iranit-shtepia-e-bardhe-ebrahim-raisi-kishte-gjak-ne-duart-e-tij\/#primaryimage","url":"https:\/\/shqiperia-etnike.com\/wp-content\/uploads\/2024\/05\/900-0-1716273025xraisi-599.png","contentUrl":"https:\/\/shqiperia-etnike.com\/wp-content\/uploads\/2024\/05\/900-0-1716273025xraisi-599.png","width":900,"height":507},{"@type":"BreadcrumbList","@id":"https:\/\/shqiperia-etnike.com\/vdekja-e-presidentit-te-iranit-shtepia-e-bardhe-ebrahim-raisi-kishte-gjak-ne-duart-e-tij\/#breadcrumb","itemListElement":[{"@type":"ListItem","position":1,"name":"Home","item":"https:\/\/shqiperia-etnike.com\/"},{"@type":"ListItem","position":2,"name":"Vdekja e Presidentit t\u00eb Iranit, Sht\u00ebpia e Bardh\u00eb: Ebrahim Raisi kishte \u2018gjak\u2019 n\u00eb duart e tij"}]},{"@type":"WebSite","@id":"https:\/\/shqiperia-etnike.com\/#website","url":"https:\/\/shqiperia-etnike.com\/","name":"Shqip\u00ebria Etnike","description":"Gazeta Tradicionale e Veriut","publisher":{"@id":"https:\/\/shqiperia-etnike.com\/#organization"},"potentialAction":[{"@type":"SearchAction","target":{"@type":"EntryPoint","urlTemplate":"https:\/\/shqiperia-etnike.com\/?s={search_term_string}"},"query-input":{"@type":"PropertyValueSpecification","valueRequired":true,"valueName":"search_term_string"}}],"inLanguage":"sq-AL"},{"@type":"Organization","@id":"https:\/\/shqiperia-etnike.com\/#organization","name":"Shqip\u00ebria Etnike","url":"https:\/\/shqiperia-etnike.com\/","logo":{"@type":"ImageObject","inLanguage":"sq-AL","@id":"https:\/\/shqiperia-etnike.com\/#\/schema\/logo\/image\/","url":"https:\/\/shqiperia-etnike.com\/wp-content\/uploads\/2022\/05\/shqiperia-etnike-print.jpg","contentUrl":"https:\/\/shqiperia-etnike.com\/wp-content\/uploads\/2022\/05\/shqiperia-etnike-print.jpg","width":600,"height":850,"caption":"Shqip\u00ebria Etnike"},"image":{"@id":"https:\/\/shqiperia-etnike.com\/#\/schema\/logo\/image\/"},"sameAs":["https:\/\/www.facebook.com\/SqiperiaEtnikeCom"]},{"@type":"Person","@id":"https:\/\/shqiperia-etnike.com\/#\/schema\/person\/0fd1d6077bf90bf4efdc2b515a05c566","name":"Shqiperia Etnike","image":{"@type":"ImageObject","inLanguage":"sq-AL","@id":"https:\/\/secure.gravatar.com\/avatar\/369d1d5279f7f732a560419d178c5a08d4f0e3ce9ebcd12c874e0463b85c1bc3?s=96&r=g","url":"https:\/\/secure.gravatar.com\/avatar\/369d1d5279f7f732a560419d178c5a08d4f0e3ce9ebcd12c874e0463b85c1bc3?s=96&r=g","contentUrl":"https:\/\/secure.gravatar.com\/avatar\/369d1d5279f7f732a560419d178c5a08d4f0e3ce9ebcd12c874e0463b85c1bc3?s=96&r=g","caption":"Shqiperia Etnike"},"description":"Admin, Shqip\u00ebria Etnike","sameAs":["https:\/\/shqiperia-etnike.com\/"],"url":"https:\/\/shqiperia-etnike.com\/author\/shqiperia-etnike\/"}]}},"_links":{"self":[{"href":"https:\/\/shqiperia-etnike.com\/wp-json\/wp\/v2\/posts\/23215","targetHints":{"allow":["GET"]}}],"collection":[{"href":"https:\/\/shqiperia-etnike.com\/wp-json\/wp\/v2\/posts"}],"about":[{"href":"https:\/\/shqiperia-etnike.com\/wp-json\/wp\/v2\/types\/post"}],"author":[{"embeddable":true,"href":"https:\/\/shqiperia-etnike.com\/wp-json\/wp\/v2\/users\/2"}],"replies":[{"embeddable":true,"href":"https:\/\/shqiperia-etnike.com\/wp-json\/wp\/v2\/comments?post=23215"}],"version-history":[{"count":1,"href":"https:\/\/shqiperia-etnike.com\/wp-json\/wp\/v2\/posts\/23215\/revisions"}],"predecessor-version":[{"id":23217,"href":"https:\/\/shqiperia-etnike.com\/wp-json\/wp\/v2\/posts\/23215\/revisions\/23217"}],"wp:featuredmedia":[{"embeddable":true,"href":"https:\/\/shqiperia-etnike.com\/wp-json\/wp\/v2\/media\/23216"}],"wp:attachment":[{"href":"https:\/\/shqiperia-etnike.com\/wp-json\/wp\/v2\/media?parent=23215"}],"wp:term":[{"taxonomy":"category","embeddable":true,"href":"https:\/\/shqiperia-etnike.com\/wp-json\/wp\/v2\/categories?post=23215"},{"taxonomy":"post_tag","embeddable":true,"href":"https:\/\/shqiperia-etnike.com\/wp-json\/wp\/v2\/tags?post=23215"}],"curies":[{"name":"wp","href":"https:\/\/api.w.org\/{rel}","templated":true}]}}