{"id":25812,"date":"2025-02-08T17:08:34","date_gmt":"2025-02-08T16:08:34","guid":{"rendered":"https:\/\/shqiperia-etnike.com\/?p=25812"},"modified":"2025-02-08T17:08:34","modified_gmt":"2025-02-08T16:08:34","slug":"protesta-e-pd-kryeministria-e-blinduar-1200-forca-policie-ne-terren","status":"publish","type":"post","link":"https:\/\/shqiperia-etnike.com\/?p=25812","title":{"rendered":"Protesta e PD: Kryeministria e blinduar, 1200 forca policie n\u00eb terren"},"content":{"rendered":"<p>Policia e Tiran\u00ebs ka marr\u00eb masa t\u00eb rrepta sigurie p\u00ebr protest\u00ebn e paralajm\u00ebruar nga\u00a0<strong>Partia Demokratike<\/strong>\u00a0para\u00a0<strong>Kryeministris\u00eb<\/strong>, e cila pritet t\u00eb nis\u00eb n\u00eb or\u00ebn 17:00. Sipas burimeve, mbi\u00a0<strong>1200 efektiv\u00eb<\/strong>, p\u00ebrfshir\u00eb forcat e rendit,\u00a0<strong>FNSH<\/strong>, nj\u00ebsin\u00eb speciale\u00a0<strong>Shqiponjat<\/strong>, si dhe\u00a0<strong>RENEA<\/strong>, do t\u00eb jen\u00eb n\u00eb gatishm\u00ebri p\u00ebr mbar\u00ebvajtjen e tubimit.<\/p>\n<p>P\u00ebr t\u00eb garantuar sigurin\u00eb,\u00a0<strong>Garda e Republik\u00ebs<\/strong>\u00a0\u00ebsht\u00eb angazhuar me kapacitet t\u00eb plot\u00eb, nd\u00ebrsa t\u00eb gjith\u00eb efektiv\u00ebt do t\u00eb jen\u00eb t\u00eb pajisur me\u00a0<strong>maska kundragaz<\/strong>. P\u00ebr t\u00eb p\u00ebrballuar \u00e7do skenar t\u00eb mundsh\u00ebm, jan\u00eb vendosur\u00a0<strong>5 autobot\u00eb me uj\u00eb<\/strong>\u00a0dhe \u00ebsht\u00eb krijuar nj\u00eb\u00a0<strong>kordon sigurie<\/strong>\u00a0rreth Kryeministris\u00eb. Dyert e institucionit jan\u00eb blinduar me\u00a0<strong>veshje metalike<\/strong>, nd\u00ebrsa p\u00ebrgjat\u00eb bulevardit \u201cD\u00ebshmor\u00ebt e Kombit\u201d jan\u00eb instaluar kamera me rezolucion t\u00eb lart\u00eb p\u00ebr monitorim.<\/p>\n<p>Drejtori i Policis\u00eb s\u00eb Tiran\u00ebs,\u00a0<strong>Ilir Proda<\/strong>, ka zhvilluar nj\u00eb takim me vart\u00ebsit e tij, duke dh\u00ebn\u00eb udh\u00ebzime p\u00ebr\u00a0<strong>mosprovokim nga protestuesit<\/strong>\u00a0dhe nd\u00ebrhyrje minimale vet\u00ebm n\u00eb raste t\u00eb nevojshme. Nd\u00ebrkoh\u00eb,\u00a0<strong>agjent\u00ebt civil\u00eb<\/strong>\u00a0do t\u00eb jen\u00eb t\u00eb shp\u00ebrndar\u00eb n\u00eb terren p\u00ebr t\u00eb v\u00ebzhguar situat\u00ebn n\u00eb m\u00ebnyr\u00eb t\u00eb detajuar.<\/p>\n<p>Mbetet p\u00ebr t\u2019u par\u00eb dinamika e protest\u00ebs dhe reagimi i forcave t\u00eb rendit gjat\u00eb zhvillimit t\u00eb saj.<\/p>\n","protected":false},"excerpt":{"rendered":"<p>Policia e Tiran\u00ebs ka marr\u00eb masa t\u00eb rrepta sigurie p\u00ebr protest\u00ebn e paralajm\u00ebruar nga\u00a0Partia Demokratike\u00a0para\u00a0Kryeministris\u00eb, e cila pritet t\u00eb nis\u00eb n\u00eb or\u00ebn 17:00. Sipas burimeve, mbi\u00a01200 efektiv\u00eb, p\u00ebrfshir\u00eb forcat e rendit,\u00a0FNSH, nj\u00ebsin\u00eb speciale\u00a0Shqiponjat, si dhe\u00a0RENEA, do t\u00eb jen\u00eb n\u00eb gatishm\u00ebri p\u00ebr mbar\u00ebvajtjen e tubimit. P\u00ebr t\u00eb garantuar sigurin\u00eb,\u00a0Garda e Republik\u00ebs\u00a0\u00ebsht\u00eb angazhuar me kapacitet t\u00eb plot\u00eb, [&hellip;]<\/p>\n","protected":false},"author":2,"featured_media":25813,"comment_status":"open","ping_status":"closed","sticky":false,"template":"","format":"standard","meta":{"footnotes":""},"categories":[49],"tags":[4357,101,469,191],"class_list":{"0":"post-25812","1":"post","2":"type-post","3":"status-publish","4":"format-standard","5":"has-post-thumbnail","7":"category-aktualitet","8":"tag-blinduar","9":"tag-policia","10":"tag-policise","11":"tag-tirane"},"yoast_head":"<!-- This site is optimized with the Yoast SEO plugin v27.2 - https:\/\/yoast.com\/product\/yoast-seo-wordpress\/ -->\n<title>Protesta e PD: Kryeministria e blinduar, 1200 forca policie n\u00eb terren - Shqip\u00ebria Etnike<\/title>\n<meta name=\"robots\" content=\"index, follow, max-snippet:-1, max-image-preview:large, max-video-preview:-1\" \/>\n<link rel=\"canonical\" href=\"https:\/\/shqiperia-etnike.com\/?p=25812\" \/>\n<meta property=\"og:locale\" content=\"sq_AL\" \/>\n<meta property=\"og:type\" content=\"article\" \/>\n<meta property=\"og:title\" content=\"Protesta e PD: Kryeministria e blinduar, 1200 forca policie n\u00eb terren - Shqip\u00ebria Etnike\" \/>\n<meta property=\"og:description\" content=\"Policia e Tiran\u00ebs ka marr\u00eb masa t\u00eb rrepta sigurie p\u00ebr protest\u00ebn e paralajm\u00ebruar nga\u00a0Partia Demokratike\u00a0para\u00a0Kryeministris\u00eb, e cila pritet t\u00eb nis\u00eb n\u00eb or\u00ebn 17:00. Sipas burimeve, mbi\u00a01200 efektiv\u00eb, p\u00ebrfshir\u00eb forcat e rendit,\u00a0FNSH, nj\u00ebsin\u00eb speciale\u00a0Shqiponjat, si dhe\u00a0RENEA, do t\u00eb jen\u00eb n\u00eb gatishm\u00ebri p\u00ebr mbar\u00ebvajtjen e tubimit. P\u00ebr t\u00eb garantuar sigurin\u00eb,\u00a0Garda e Republik\u00ebs\u00a0\u00ebsht\u00eb angazhuar me kapacitet t\u00eb plot\u00eb, [&hellip;]\" \/>\n<meta property=\"og:url\" content=\"https:\/\/shqiperia-etnike.com\/?p=25812\" \/>\n<meta property=\"og:site_name\" content=\"Shqip\u00ebria Etnike\" \/>\n<meta property=\"article:publisher\" content=\"https:\/\/www.facebook.com\/SqiperiaEtnikeCom\" \/>\n<meta property=\"article:published_time\" content=\"2025-02-08T16:08:34+00:00\" \/>\n<meta property=\"og:image\" content=\"https:\/\/shqiperia-etnike.com\/wp-content\/uploads\/2025\/02\/IMG_7229.jpeg\" \/>\n\t<meta property=\"og:image:width\" content=\"640\" \/>\n\t<meta property=\"og:image:height\" content=\"328\" \/>\n\t<meta property=\"og:image:type\" content=\"image\/jpeg\" \/>\n<meta name=\"author\" content=\"Shqiperia Etnike\" \/>\n<meta name=\"twitter:card\" content=\"summary_large_image\" \/>\n<meta name=\"twitter:label1\" content=\"Written by\" \/>\n\t<meta name=\"twitter:data1\" content=\"Shqiperia Etnike\" \/>\n\t<meta name=\"twitter:label2\" content=\"Est. reading time\" \/>\n\t<meta name=\"twitter:data2\" content=\"2 minutes\" \/>\n<script type=\"application\/ld+json\" class=\"yoast-schema-graph\">{\"@context\":\"https:\/\/schema.org\",\"@graph\":[{\"@type\":\"Article\",\"@id\":\"https:\/\/shqiperia-etnike.com\/?p=25812#article\",\"isPartOf\":{\"@id\":\"https:\/\/shqiperia-etnike.com\/?p=25812\"},\"author\":{\"name\":\"Shqiperia Etnike\",\"@id\":\"https:\/\/shqiperia-etnike.com\/#\/schema\/person\/0fd1d6077bf90bf4efdc2b515a05c566\"},\"headline\":\"Protesta e PD: Kryeministria e blinduar, 1200 forca policie n\u00eb terren\",\"datePublished\":\"2025-02-08T16:08:34+00:00\",\"mainEntityOfPage\":{\"@id\":\"https:\/\/shqiperia-etnike.com\/?p=25812\"},\"wordCount\":231,\"commentCount\":0,\"publisher\":{\"@id\":\"https:\/\/shqiperia-etnike.com\/#organization\"},\"image\":{\"@id\":\"https:\/\/shqiperia-etnike.com\/?p=25812#primaryimage\"},\"thumbnailUrl\":\"https:\/\/shqiperia-etnike.com\/wp-content\/uploads\/2025\/02\/IMG_7229.jpeg\",\"keywords\":[\"blinduar\",\"policia\",\"Policis\u00eb\",\"Tiran\u00eb\"],\"articleSection\":[\"Aktualitet\"],\"inLanguage\":\"sq-AL\",\"potentialAction\":[{\"@type\":\"CommentAction\",\"name\":\"Comment\",\"target\":[\"https:\/\/shqiperia-etnike.com\/?p=25812#respond\"]}]},{\"@type\":\"WebPage\",\"@id\":\"https:\/\/shqiperia-etnike.com\/?p=25812\",\"url\":\"https:\/\/shqiperia-etnike.com\/?p=25812\",\"name\":\"Protesta e PD: Kryeministria e blinduar, 1200 forca policie n\u00eb terren - Shqip\u00ebria Etnike\",\"isPartOf\":{\"@id\":\"https:\/\/shqiperia-etnike.com\/#website\"},\"primaryImageOfPage\":{\"@id\":\"https:\/\/shqiperia-etnike.com\/?p=25812#primaryimage\"},\"image\":{\"@id\":\"https:\/\/shqiperia-etnike.com\/?p=25812#primaryimage\"},\"thumbnailUrl\":\"https:\/\/shqiperia-etnike.com\/wp-content\/uploads\/2025\/02\/IMG_7229.jpeg\",\"datePublished\":\"2025-02-08T16:08:34+00:00\",\"breadcrumb\":{\"@id\":\"https:\/\/shqiperia-etnike.com\/?p=25812#breadcrumb\"},\"inLanguage\":\"sq-AL\",\"potentialAction\":[{\"@type\":\"ReadAction\",\"target\":[\"https:\/\/shqiperia-etnike.com\/?p=25812\"]}]},{\"@type\":\"ImageObject\",\"inLanguage\":\"sq-AL\",\"@id\":\"https:\/\/shqiperia-etnike.com\/?p=25812#primaryimage\",\"url\":\"https:\/\/shqiperia-etnike.com\/wp-content\/uploads\/2025\/02\/IMG_7229.jpeg\",\"contentUrl\":\"https:\/\/shqiperia-etnike.com\/wp-content\/uploads\/2025\/02\/IMG_7229.jpeg\",\"width\":640,\"height\":328},{\"@type\":\"BreadcrumbList\",\"@id\":\"https:\/\/shqiperia-etnike.com\/?p=25812#breadcrumb\",\"itemListElement\":[{\"@type\":\"ListItem\",\"position\":1,\"name\":\"Home\",\"item\":\"https:\/\/shqiperia-etnike.com\/\"},{\"@type\":\"ListItem\",\"position\":2,\"name\":\"Protesta e PD: Kryeministria e blinduar, 1200 forca policie n\u00eb terren\"}]},{\"@type\":\"WebSite\",\"@id\":\"https:\/\/shqiperia-etnike.com\/#website\",\"url\":\"https:\/\/shqiperia-etnike.com\/\",\"name\":\"Shqip\u00ebria Etnike\",\"description\":\"Gazeta Tradicionale e Veriut\",\"publisher\":{\"@id\":\"https:\/\/shqiperia-etnike.com\/#organization\"},\"potentialAction\":[{\"@type\":\"SearchAction\",\"target\":{\"@type\":\"EntryPoint\",\"urlTemplate\":\"https:\/\/shqiperia-etnike.com\/?s={search_term_string}\"},\"query-input\":{\"@type\":\"PropertyValueSpecification\",\"valueRequired\":true,\"valueName\":\"search_term_string\"}}],\"inLanguage\":\"sq-AL\"},{\"@type\":\"Organization\",\"@id\":\"https:\/\/shqiperia-etnike.com\/#organization\",\"name\":\"Shqip\u00ebria Etnike\",\"url\":\"https:\/\/shqiperia-etnike.com\/\",\"logo\":{\"@type\":\"ImageObject\",\"inLanguage\":\"sq-AL\",\"@id\":\"https:\/\/shqiperia-etnike.com\/#\/schema\/logo\/image\/\",\"url\":\"https:\/\/shqiperia-etnike.com\/wp-content\/uploads\/2022\/05\/shqiperia-etnike-print.jpg\",\"contentUrl\":\"https:\/\/shqiperia-etnike.com\/wp-content\/uploads\/2022\/05\/shqiperia-etnike-print.jpg\",\"width\":600,\"height\":850,\"caption\":\"Shqip\u00ebria Etnike\"},\"image\":{\"@id\":\"https:\/\/shqiperia-etnike.com\/#\/schema\/logo\/image\/\"},\"sameAs\":[\"https:\/\/www.facebook.com\/SqiperiaEtnikeCom\"]},{\"@type\":\"Person\",\"@id\":\"https:\/\/shqiperia-etnike.com\/#\/schema\/person\/0fd1d6077bf90bf4efdc2b515a05c566\",\"name\":\"Shqiperia Etnike\",\"image\":{\"@type\":\"ImageObject\",\"inLanguage\":\"sq-AL\",\"@id\":\"https:\/\/secure.gravatar.com\/avatar\/369d1d5279f7f732a560419d178c5a08d4f0e3ce9ebcd12c874e0463b85c1bc3?s=96&r=g\",\"url\":\"https:\/\/secure.gravatar.com\/avatar\/369d1d5279f7f732a560419d178c5a08d4f0e3ce9ebcd12c874e0463b85c1bc3?s=96&r=g\",\"contentUrl\":\"https:\/\/secure.gravatar.com\/avatar\/369d1d5279f7f732a560419d178c5a08d4f0e3ce9ebcd12c874e0463b85c1bc3?s=96&r=g\",\"caption\":\"Shqiperia Etnike\"},\"description\":\"Admin, Shqip\u00ebria Etnike\",\"sameAs\":[\"https:\/\/shqiperia-etnike.com\/\"],\"url\":\"https:\/\/shqiperia-etnike.com\/?author=2\"}]}<\/script>\n<!-- \/ Yoast SEO plugin. -->","yoast_head_json":{"title":"Protesta e PD: Kryeministria e blinduar, 1200 forca policie n\u00eb terren - Shqip\u00ebria Etnike","robots":{"index":"index","follow":"follow","max-snippet":"max-snippet:-1","max-image-preview":"max-image-preview:large","max-video-preview":"max-video-preview:-1"},"canonical":"https:\/\/shqiperia-etnike.com\/?p=25812","og_locale":"sq_AL","og_type":"article","og_title":"Protesta e PD: Kryeministria e blinduar, 1200 forca policie n\u00eb terren - Shqip\u00ebria Etnike","og_description":"Policia e Tiran\u00ebs ka marr\u00eb masa t\u00eb rrepta sigurie p\u00ebr protest\u00ebn e paralajm\u00ebruar nga\u00a0Partia Demokratike\u00a0para\u00a0Kryeministris\u00eb, e cila pritet t\u00eb nis\u00eb n\u00eb or\u00ebn 17:00. Sipas burimeve, mbi\u00a01200 efektiv\u00eb, p\u00ebrfshir\u00eb forcat e rendit,\u00a0FNSH, nj\u00ebsin\u00eb speciale\u00a0Shqiponjat, si dhe\u00a0RENEA, do t\u00eb jen\u00eb n\u00eb gatishm\u00ebri p\u00ebr mbar\u00ebvajtjen e tubimit. P\u00ebr t\u00eb garantuar sigurin\u00eb,\u00a0Garda e Republik\u00ebs\u00a0\u00ebsht\u00eb angazhuar me kapacitet t\u00eb plot\u00eb, [&hellip;]","og_url":"https:\/\/shqiperia-etnike.com\/?p=25812","og_site_name":"Shqip\u00ebria Etnike","article_publisher":"https:\/\/www.facebook.com\/SqiperiaEtnikeCom","article_published_time":"2025-02-08T16:08:34+00:00","og_image":[{"width":640,"height":328,"url":"https:\/\/shqiperia-etnike.com\/wp-content\/uploads\/2025\/02\/IMG_7229.jpeg","type":"image\/jpeg"}],"author":"Shqiperia Etnike","twitter_card":"summary_large_image","twitter_misc":{"Written by":"Shqiperia Etnike","Est. reading time":"2 minutes"},"schema":{"@context":"https:\/\/schema.org","@graph":[{"@type":"Article","@id":"https:\/\/shqiperia-etnike.com\/?p=25812#article","isPartOf":{"@id":"https:\/\/shqiperia-etnike.com\/?p=25812"},"author":{"name":"Shqiperia Etnike","@id":"https:\/\/shqiperia-etnike.com\/#\/schema\/person\/0fd1d6077bf90bf4efdc2b515a05c566"},"headline":"Protesta e PD: Kryeministria e blinduar, 1200 forca policie n\u00eb terren","datePublished":"2025-02-08T16:08:34+00:00","mainEntityOfPage":{"@id":"https:\/\/shqiperia-etnike.com\/?p=25812"},"wordCount":231,"commentCount":0,"publisher":{"@id":"https:\/\/shqiperia-etnike.com\/#organization"},"image":{"@id":"https:\/\/shqiperia-etnike.com\/?p=25812#primaryimage"},"thumbnailUrl":"https:\/\/shqiperia-etnike.com\/wp-content\/uploads\/2025\/02\/IMG_7229.jpeg","keywords":["blinduar","policia","Policis\u00eb","Tiran\u00eb"],"articleSection":["Aktualitet"],"inLanguage":"sq-AL","potentialAction":[{"@type":"CommentAction","name":"Comment","target":["https:\/\/shqiperia-etnike.com\/?p=25812#respond"]}]},{"@type":"WebPage","@id":"https:\/\/shqiperia-etnike.com\/?p=25812","url":"https:\/\/shqiperia-etnike.com\/?p=25812","name":"Protesta e PD: Kryeministria e blinduar, 1200 forca policie n\u00eb terren - Shqip\u00ebria Etnike","isPartOf":{"@id":"https:\/\/shqiperia-etnike.com\/#website"},"primaryImageOfPage":{"@id":"https:\/\/shqiperia-etnike.com\/?p=25812#primaryimage"},"image":{"@id":"https:\/\/shqiperia-etnike.com\/?p=25812#primaryimage"},"thumbnailUrl":"https:\/\/shqiperia-etnike.com\/wp-content\/uploads\/2025\/02\/IMG_7229.jpeg","datePublished":"2025-02-08T16:08:34+00:00","breadcrumb":{"@id":"https:\/\/shqiperia-etnike.com\/?p=25812#breadcrumb"},"inLanguage":"sq-AL","potentialAction":[{"@type":"ReadAction","target":["https:\/\/shqiperia-etnike.com\/?p=25812"]}]},{"@type":"ImageObject","inLanguage":"sq-AL","@id":"https:\/\/shqiperia-etnike.com\/?p=25812#primaryimage","url":"https:\/\/shqiperia-etnike.com\/wp-content\/uploads\/2025\/02\/IMG_7229.jpeg","contentUrl":"https:\/\/shqiperia-etnike.com\/wp-content\/uploads\/2025\/02\/IMG_7229.jpeg","width":640,"height":328},{"@type":"BreadcrumbList","@id":"https:\/\/shqiperia-etnike.com\/?p=25812#breadcrumb","itemListElement":[{"@type":"ListItem","position":1,"name":"Home","item":"https:\/\/shqiperia-etnike.com\/"},{"@type":"ListItem","position":2,"name":"Protesta e PD: Kryeministria e blinduar, 1200 forca policie n\u00eb terren"}]},{"@type":"WebSite","@id":"https:\/\/shqiperia-etnike.com\/#website","url":"https:\/\/shqiperia-etnike.com\/","name":"Shqip\u00ebria Etnike","description":"Gazeta Tradicionale e Veriut","publisher":{"@id":"https:\/\/shqiperia-etnike.com\/#organization"},"potentialAction":[{"@type":"SearchAction","target":{"@type":"EntryPoint","urlTemplate":"https:\/\/shqiperia-etnike.com\/?s={search_term_string}"},"query-input":{"@type":"PropertyValueSpecification","valueRequired":true,"valueName":"search_term_string"}}],"inLanguage":"sq-AL"},{"@type":"Organization","@id":"https:\/\/shqiperia-etnike.com\/#organization","name":"Shqip\u00ebria Etnike","url":"https:\/\/shqiperia-etnike.com\/","logo":{"@type":"ImageObject","inLanguage":"sq-AL","@id":"https:\/\/shqiperia-etnike.com\/#\/schema\/logo\/image\/","url":"https:\/\/shqiperia-etnike.com\/wp-content\/uploads\/2022\/05\/shqiperia-etnike-print.jpg","contentUrl":"https:\/\/shqiperia-etnike.com\/wp-content\/uploads\/2022\/05\/shqiperia-etnike-print.jpg","width":600,"height":850,"caption":"Shqip\u00ebria Etnike"},"image":{"@id":"https:\/\/shqiperia-etnike.com\/#\/schema\/logo\/image\/"},"sameAs":["https:\/\/www.facebook.com\/SqiperiaEtnikeCom"]},{"@type":"Person","@id":"https:\/\/shqiperia-etnike.com\/#\/schema\/person\/0fd1d6077bf90bf4efdc2b515a05c566","name":"Shqiperia Etnike","image":{"@type":"ImageObject","inLanguage":"sq-AL","@id":"https:\/\/secure.gravatar.com\/avatar\/369d1d5279f7f732a560419d178c5a08d4f0e3ce9ebcd12c874e0463b85c1bc3?s=96&r=g","url":"https:\/\/secure.gravatar.com\/avatar\/369d1d5279f7f732a560419d178c5a08d4f0e3ce9ebcd12c874e0463b85c1bc3?s=96&r=g","contentUrl":"https:\/\/secure.gravatar.com\/avatar\/369d1d5279f7f732a560419d178c5a08d4f0e3ce9ebcd12c874e0463b85c1bc3?s=96&r=g","caption":"Shqiperia Etnike"},"description":"Admin, Shqip\u00ebria Etnike","sameAs":["https:\/\/shqiperia-etnike.com\/"],"url":"https:\/\/shqiperia-etnike.com\/?author=2"}]}},"_links":{"self":[{"href":"https:\/\/shqiperia-etnike.com\/index.php?rest_route=\/wp\/v2\/posts\/25812","targetHints":{"allow":["GET"]}}],"collection":[{"href":"https:\/\/shqiperia-etnike.com\/index.php?rest_route=\/wp\/v2\/posts"}],"about":[{"href":"https:\/\/shqiperia-etnike.com\/index.php?rest_route=\/wp\/v2\/types\/post"}],"author":[{"embeddable":true,"href":"https:\/\/shqiperia-etnike.com\/index.php?rest_route=\/wp\/v2\/users\/2"}],"replies":[{"embeddable":true,"href":"https:\/\/shqiperia-etnike.com\/index.php?rest_route=%2Fwp%2Fv2%2Fcomments&post=25812"}],"version-history":[{"count":1,"href":"https:\/\/shqiperia-etnike.com\/index.php?rest_route=\/wp\/v2\/posts\/25812\/revisions"}],"predecessor-version":[{"id":25814,"href":"https:\/\/shqiperia-etnike.com\/index.php?rest_route=\/wp\/v2\/posts\/25812\/revisions\/25814"}],"wp:featuredmedia":[{"embeddable":true,"href":"https:\/\/shqiperia-etnike.com\/index.php?rest_route=\/wp\/v2\/media\/25813"}],"wp:attachment":[{"href":"https:\/\/shqiperia-etnike.com\/index.php?rest_route=%2Fwp%2Fv2%2Fmedia&parent=25812"}],"wp:term":[{"taxonomy":"category","embeddable":true,"href":"https:\/\/shqiperia-etnike.com\/index.php?rest_route=%2Fwp%2Fv2%2Fcategories&post=25812"},{"taxonomy":"post_tag","embeddable":true,"href":"https:\/\/shqiperia-etnike.com\/index.php?rest_route=%2Fwp%2Fv2%2Ftags&post=25812"}],"curies":[{"name":"wp","href":"https:\/\/api.w.org\/{rel}","templated":true}]}}