{"id":25815,"date":"2025-02-08T17:41:14","date_gmt":"2025-02-08T16:41:14","guid":{"rendered":"https:\/\/shqiperia-etnike.com\/?p=25815"},"modified":"2025-02-08T17:41:14","modified_gmt":"2025-02-08T16:41:14","slug":"opozita-shqiptare-zbret-ne-shesh-proteste-kombetare-para-kryeministrise","status":"publish","type":"post","link":"https:\/\/shqiperia-etnike.com\/opozita-shqiptare-zbret-ne-shesh-proteste-kombetare-para-kryeministrise\/","title":{"rendered":"Opozita shqiptare zbret n\u00eb shesh, protest\u00eb komb\u00ebtare para Kryeministris\u00eb"},"content":{"rendered":"<p>Mb\u00ebshtet\u00ebsit e Partis\u00eb Demokratike dhe aleat\u00ebve t\u00eb saj jan\u00eb mbledhur para Kryeministris\u00eb, n\u00eb Bulevardin \u201cD\u00ebshmor\u00ebt e Kombit\u201d, n\u00eb nj\u00eb protest\u00eb masive pas akuzave t\u00eb ish-zv\/kryeministrit Arben Ahmetaj, i cili akuzoi Edi Ram\u00ebn dhe qeverin\u00eb p\u00ebr abuzime me fondet publike.<\/p>\n<p>Protesta vjen teksa vendi ndodhet rreth 100 dit\u00eb larg zgjedhjeve t\u00eb 11 majit. Sot organizator\u00ebt kan\u00eb ndryshuar agjend\u00ebn e protest\u00ebs, ndryshe nga tubimet e kaluara t\u00eb cilat jan\u00eb zhvilluar me bllokime rrug\u00ebsh dhe mosbindje civile.<\/p>\n<p>N\u00eb protest\u00ebn e k\u00ebsaj t\u00eb shtune para Kryeministris\u00eb do t\u00eb ket\u00eb fjalime nga kryetari i PD, Sali Berisha dhe p\u00ebrfaq\u00ebsues t\u00eb tjer\u00eb demokrat\u00eb. Gjithashtu, do t\u00eb ket\u00eb nj\u00eb mesazh edhe nga Ilir Meta i cili ndodhet n\u00eb burg.<\/p>\n<p>Ora 17.25 Berisha del nga selia e PD, niset drejt Kryeministris\u00eb<br \/>\nKryetari i PD, Sali Berisha i shoq\u00ebruar nga deputet\u00ebt e grupit parlamentar dhe simpatizant\u00ebt i \u00ebsht\u00eb drejtuar Kryeministris\u00eb. Berisha do t\u2019i bashkohet protestuesve t\u00eb opozit\u00ebs.<\/p>\n<p>Ora 17.20 Agron Duka: Opozita ka b\u00ebr\u00eb gafa t\u00eb jasht\u00ebzakonshme, shum\u00eb e v\u00ebshtir\u00eb t\u00eb riparohen<br \/>\nKryetari i PAA, Agron Duka u shpreh se opozita ka b\u00ebr\u00eb gafa t\u00eb r\u00ebnda n\u00eb t\u00eb kalur\u00ebn si\u00e7 ishte djegia e mandateve, braktisja e zgjedhjeve dhe bojkoti i komisionit t\u00eb ndarjes territoriale.<\/p>\n<p>\u201cFryma q\u00eb ekziston \u00ebsht\u00eb pozitive dhe ka nj\u00eb shpres\u00eb p\u00ebr rotacion. Q\u00ebllimi i k\u00ebsaj proteste p\u00ebrve\u00e7se p\u00ebr t\u00eb demaskuar korrupsionin e denoncuar nga ish-zv\/kryeministri, \u00ebsht\u00eb edhe p\u00ebr t\u00eb krijuar frym\u00ebn opozitare\u201d, tha Duka.<\/p>\n<p>Ora 17.05 \u201cSot \u00ebsht\u00eb dita e opozit\u00ebs\u201d, Luan Ba\u00e7i p\u00ebr News24: Do t\u00eb tregojm\u00eb fuqin\u00eb ton\u00eb, jemi mazhoranc\u00eb, jo minoranc\u00eb!<\/p>\n<p>Deputeti i Partis\u00eb Demokratike, Luan Ba\u00e7i, ka deklaruar se protesta e sotme e opozit\u00ebs para Kryeministris\u00eb nuk do t\u00eb jet\u00eb e fundit. N\u00eb nj\u00eb prononcim p\u00ebr News24, Ba\u00e7i theksoi se opozita do t\u00eb vazhdoj\u00eb q\u00ebndres\u00ebn e saj, pavar\u00ebsisht sfidave dhe angazhimeve t\u00eb deputet\u00ebve jasht\u00eb vendit.<\/p>\n<p>Ora 17.02 \u201cVjedhja 50 mln euro e Ballukut me tunelin e Llogaras\u00eb\u201d\/ K\u00eblli\u00e7i: Shqip\u00ebria sot e plakur dhe mpakur, shqiptar\u00ebt n\u00eb situat\u00ebn m\u00eb t\u00eb r\u00ebnd\u00eb ekonomike<br \/>\nDrejtuesi politik i Partis\u00eb Demokratike p\u00ebr Tiran\u00ebn Belind K\u00eblli\u00e7i, ka folur p\u00ebr News 24 pak p\u00ebrpara nisjes s\u00eb protest\u00ebs s\u00eb PD.<\/p>\n<p>K\u00eblli\u00e7i tha se Shqip\u00ebria \u00ebsht\u00eb \u201cplakur\u201d edhe \u201cmpakur\u201d, duke n\u00ebnkuptuar se nga vendi jan\u00eb larguar masivisht t\u00eb rinjt\u00eb. Ai shtoi se ekonomia \u00ebsht\u00eb n\u00eb situat\u00eb tep\u00ebr t\u00eb r\u00ebnd\u00eb. K\u00eblli\u00e7i nd\u00ebr t\u00eb tjera tha se Belinda Balluku ka vjedhur 50 milion\u00eb euro te Tuneli i Llogaras\u00eb, nd\u00ebrsa shtoi se mega vjedhjet e qeveris\u00eb nuk kan\u00eb fund.<\/p>\n<p>Ora 17.00 Nis grumbullimi i protestuesve t\u00eb opozit\u00ebs n\u00eb Bulevardin D\u00ebshmor\u00ebt e Kombit<br \/>\nMb\u00ebshtet\u00ebsit e Partis\u00eb Demokratike dhe aleat\u00ebve t\u00eb saj jan\u00eb mbledhur para Kryeministris\u00eb, n\u00eb Bulevardin \u201cD\u00ebshmor\u00ebt e Kombit\u201d, n\u00eb nj\u00eb protest\u00eb masive pas akuzave t\u00eb ish-zv\/kryeministrit Arben Ahmetaj, i cili akuzoi Edi Ram\u00ebn dhe qeverin\u00eb p\u00ebr abuzime me fondet publike.<\/p>\n","protected":false},"excerpt":{"rendered":"<p>Mb\u00ebshtet\u00ebsit e Partis\u00eb Demokratike dhe aleat\u00ebve t\u00eb saj jan\u00eb mbledhur para Kryeministris\u00eb, n\u00eb Bulevardin \u201cD\u00ebshmor\u00ebt e Kombit\u201d, n\u00eb nj\u00eb protest\u00eb masive pas akuzave t\u00eb ish-zv\/kryeministrit Arben Ahmetaj, i cili akuzoi Edi Ram\u00ebn dhe qeverin\u00eb p\u00ebr abuzime me fondet publike. Protesta vjen teksa vendi ndodhet rreth 100 dit\u00eb larg zgjedhjeve t\u00eb 11 majit. Sot organizator\u00ebt kan\u00eb [&hellip;]<\/p>\n","protected":false},"author":2,"featured_media":25816,"comment_status":"open","ping_status":"closed","sticky":false,"template":"","format":"standard","meta":{"footnotes":""},"categories":[1],"tags":[4358,2220,452,3900],"class_list":{"0":"post-25815","1":"post","2":"type-post","3":"status-publish","4":"format-standard","5":"has-post-thumbnail","7":"category-pakategori","8":"tag-fuqine","9":"tag-kryeministrise","10":"tag-opozita","11":"tag-shesh"},"yoast_head":"<!-- This site is optimized with the Yoast SEO plugin v27.2 - https:\/\/yoast.com\/product\/yoast-seo-wordpress\/ -->\n<title>Opozita shqiptare zbret n\u00eb shesh, protest\u00eb komb\u00ebtare para Kryeministris\u00eb - Shqip\u00ebria Etnike<\/title>\n<meta name=\"robots\" content=\"index, follow, max-snippet:-1, max-image-preview:large, max-video-preview:-1\" \/>\n<link rel=\"canonical\" href=\"https:\/\/shqiperia-etnike.com\/opozita-shqiptare-zbret-ne-shesh-proteste-kombetare-para-kryeministrise\/\" \/>\n<meta property=\"og:locale\" content=\"sq_AL\" \/>\n<meta property=\"og:type\" content=\"article\" \/>\n<meta property=\"og:title\" content=\"Opozita shqiptare zbret n\u00eb shesh, protest\u00eb komb\u00ebtare para Kryeministris\u00eb - Shqip\u00ebria Etnike\" \/>\n<meta property=\"og:description\" content=\"Mb\u00ebshtet\u00ebsit e Partis\u00eb Demokratike dhe aleat\u00ebve t\u00eb saj jan\u00eb mbledhur para Kryeministris\u00eb, n\u00eb Bulevardin \u201cD\u00ebshmor\u00ebt e Kombit\u201d, n\u00eb nj\u00eb protest\u00eb masive pas akuzave t\u00eb ish-zv\/kryeministrit Arben Ahmetaj, i cili akuzoi Edi Ram\u00ebn dhe qeverin\u00eb p\u00ebr abuzime me fondet publike. Protesta vjen teksa vendi ndodhet rreth 100 dit\u00eb larg zgjedhjeve t\u00eb 11 majit. Sot organizator\u00ebt kan\u00eb [&hellip;]\" \/>\n<meta property=\"og:url\" content=\"https:\/\/shqiperia-etnike.com\/opozita-shqiptare-zbret-ne-shesh-proteste-kombetare-para-kryeministrise\/\" \/>\n<meta property=\"og:site_name\" content=\"Shqip\u00ebria Etnike\" \/>\n<meta property=\"article:publisher\" content=\"https:\/\/www.facebook.com\/SqiperiaEtnikeCom\" \/>\n<meta property=\"article:published_time\" content=\"2025-02-08T16:41:14+00:00\" \/>\n<meta property=\"og:image\" content=\"https:\/\/shqiperia-etnike.com\/wp-content\/uploads\/2025\/02\/900-0-3d1303c3e5306eba1135a3315d655e2e.jpg\" \/>\n\t<meta property=\"og:image:width\" content=\"900\" \/>\n\t<meta property=\"og:image:height\" content=\"474\" \/>\n\t<meta property=\"og:image:type\" content=\"image\/jpeg\" \/>\n<meta name=\"author\" content=\"Shqiperia Etnike\" \/>\n<meta name=\"twitter:card\" content=\"summary_large_image\" \/>\n<meta name=\"twitter:label1\" content=\"Written by\" \/>\n\t<meta name=\"twitter:data1\" content=\"Shqiperia Etnike\" \/>\n\t<meta name=\"twitter:label2\" content=\"Est. reading time\" \/>\n\t<meta name=\"twitter:data2\" content=\"3 minutes\" \/>\n<script type=\"application\/ld+json\" class=\"yoast-schema-graph\">{\"@context\":\"https:\/\/schema.org\",\"@graph\":[{\"@type\":\"Article\",\"@id\":\"https:\/\/shqiperia-etnike.com\/opozita-shqiptare-zbret-ne-shesh-proteste-kombetare-para-kryeministrise\/#article\",\"isPartOf\":{\"@id\":\"https:\/\/shqiperia-etnike.com\/opozita-shqiptare-zbret-ne-shesh-proteste-kombetare-para-kryeministrise\/\"},\"author\":{\"name\":\"Shqiperia Etnike\",\"@id\":\"https:\/\/shqiperia-etnike.com\/#\/schema\/person\/0fd1d6077bf90bf4efdc2b515a05c566\"},\"headline\":\"Opozita shqiptare zbret n\u00eb shesh, protest\u00eb komb\u00ebtare para Kryeministris\u00eb\",\"datePublished\":\"2025-02-08T16:41:14+00:00\",\"mainEntityOfPage\":{\"@id\":\"https:\/\/shqiperia-etnike.com\/opozita-shqiptare-zbret-ne-shesh-proteste-kombetare-para-kryeministrise\/\"},\"wordCount\":528,\"commentCount\":0,\"publisher\":{\"@id\":\"https:\/\/shqiperia-etnike.com\/#organization\"},\"image\":{\"@id\":\"https:\/\/shqiperia-etnike.com\/opozita-shqiptare-zbret-ne-shesh-proteste-kombetare-para-kryeministrise\/#primaryimage\"},\"thumbnailUrl\":\"https:\/\/shqiperia-etnike.com\/wp-content\/uploads\/2025\/02\/900-0-3d1303c3e5306eba1135a3315d655e2e.jpg\",\"keywords\":[\"fuqin\u00eb\",\"kryeministris\u00eb\",\"Opozita\",\"shesh\"],\"inLanguage\":\"sq-AL\",\"potentialAction\":[{\"@type\":\"CommentAction\",\"name\":\"Comment\",\"target\":[\"https:\/\/shqiperia-etnike.com\/opozita-shqiptare-zbret-ne-shesh-proteste-kombetare-para-kryeministrise\/#respond\"]}]},{\"@type\":\"WebPage\",\"@id\":\"https:\/\/shqiperia-etnike.com\/opozita-shqiptare-zbret-ne-shesh-proteste-kombetare-para-kryeministrise\/\",\"url\":\"https:\/\/shqiperia-etnike.com\/opozita-shqiptare-zbret-ne-shesh-proteste-kombetare-para-kryeministrise\/\",\"name\":\"Opozita shqiptare zbret n\u00eb shesh, protest\u00eb komb\u00ebtare para Kryeministris\u00eb - Shqip\u00ebria Etnike\",\"isPartOf\":{\"@id\":\"https:\/\/shqiperia-etnike.com\/#website\"},\"primaryImageOfPage\":{\"@id\":\"https:\/\/shqiperia-etnike.com\/opozita-shqiptare-zbret-ne-shesh-proteste-kombetare-para-kryeministrise\/#primaryimage\"},\"image\":{\"@id\":\"https:\/\/shqiperia-etnike.com\/opozita-shqiptare-zbret-ne-shesh-proteste-kombetare-para-kryeministrise\/#primaryimage\"},\"thumbnailUrl\":\"https:\/\/shqiperia-etnike.com\/wp-content\/uploads\/2025\/02\/900-0-3d1303c3e5306eba1135a3315d655e2e.jpg\",\"datePublished\":\"2025-02-08T16:41:14+00:00\",\"breadcrumb\":{\"@id\":\"https:\/\/shqiperia-etnike.com\/opozita-shqiptare-zbret-ne-shesh-proteste-kombetare-para-kryeministrise\/#breadcrumb\"},\"inLanguage\":\"sq-AL\",\"potentialAction\":[{\"@type\":\"ReadAction\",\"target\":[\"https:\/\/shqiperia-etnike.com\/opozita-shqiptare-zbret-ne-shesh-proteste-kombetare-para-kryeministrise\/\"]}]},{\"@type\":\"ImageObject\",\"inLanguage\":\"sq-AL\",\"@id\":\"https:\/\/shqiperia-etnike.com\/opozita-shqiptare-zbret-ne-shesh-proteste-kombetare-para-kryeministrise\/#primaryimage\",\"url\":\"https:\/\/shqiperia-etnike.com\/wp-content\/uploads\/2025\/02\/900-0-3d1303c3e5306eba1135a3315d655e2e.jpg\",\"contentUrl\":\"https:\/\/shqiperia-etnike.com\/wp-content\/uploads\/2025\/02\/900-0-3d1303c3e5306eba1135a3315d655e2e.jpg\",\"width\":900,\"height\":474},{\"@type\":\"BreadcrumbList\",\"@id\":\"https:\/\/shqiperia-etnike.com\/opozita-shqiptare-zbret-ne-shesh-proteste-kombetare-para-kryeministrise\/#breadcrumb\",\"itemListElement\":[{\"@type\":\"ListItem\",\"position\":1,\"name\":\"Home\",\"item\":\"https:\/\/shqiperia-etnike.com\/\"},{\"@type\":\"ListItem\",\"position\":2,\"name\":\"Opozita shqiptare zbret n\u00eb shesh, protest\u00eb komb\u00ebtare para Kryeministris\u00eb\"}]},{\"@type\":\"WebSite\",\"@id\":\"https:\/\/shqiperia-etnike.com\/#website\",\"url\":\"https:\/\/shqiperia-etnike.com\/\",\"name\":\"Shqip\u00ebria Etnike\",\"description\":\"Gazeta Tradicionale e Veriut\",\"publisher\":{\"@id\":\"https:\/\/shqiperia-etnike.com\/#organization\"},\"potentialAction\":[{\"@type\":\"SearchAction\",\"target\":{\"@type\":\"EntryPoint\",\"urlTemplate\":\"https:\/\/shqiperia-etnike.com\/?s={search_term_string}\"},\"query-input\":{\"@type\":\"PropertyValueSpecification\",\"valueRequired\":true,\"valueName\":\"search_term_string\"}}],\"inLanguage\":\"sq-AL\"},{\"@type\":\"Organization\",\"@id\":\"https:\/\/shqiperia-etnike.com\/#organization\",\"name\":\"Shqip\u00ebria Etnike\",\"url\":\"https:\/\/shqiperia-etnike.com\/\",\"logo\":{\"@type\":\"ImageObject\",\"inLanguage\":\"sq-AL\",\"@id\":\"https:\/\/shqiperia-etnike.com\/#\/schema\/logo\/image\/\",\"url\":\"https:\/\/shqiperia-etnike.com\/wp-content\/uploads\/2022\/05\/shqiperia-etnike-print.jpg\",\"contentUrl\":\"https:\/\/shqiperia-etnike.com\/wp-content\/uploads\/2022\/05\/shqiperia-etnike-print.jpg\",\"width\":600,\"height\":850,\"caption\":\"Shqip\u00ebria Etnike\"},\"image\":{\"@id\":\"https:\/\/shqiperia-etnike.com\/#\/schema\/logo\/image\/\"},\"sameAs\":[\"https:\/\/www.facebook.com\/SqiperiaEtnikeCom\"]},{\"@type\":\"Person\",\"@id\":\"https:\/\/shqiperia-etnike.com\/#\/schema\/person\/0fd1d6077bf90bf4efdc2b515a05c566\",\"name\":\"Shqiperia Etnike\",\"image\":{\"@type\":\"ImageObject\",\"inLanguage\":\"sq-AL\",\"@id\":\"https:\/\/secure.gravatar.com\/avatar\/369d1d5279f7f732a560419d178c5a08d4f0e3ce9ebcd12c874e0463b85c1bc3?s=96&r=g\",\"url\":\"https:\/\/secure.gravatar.com\/avatar\/369d1d5279f7f732a560419d178c5a08d4f0e3ce9ebcd12c874e0463b85c1bc3?s=96&r=g\",\"contentUrl\":\"https:\/\/secure.gravatar.com\/avatar\/369d1d5279f7f732a560419d178c5a08d4f0e3ce9ebcd12c874e0463b85c1bc3?s=96&r=g\",\"caption\":\"Shqiperia Etnike\"},\"description\":\"Admin, Shqip\u00ebria Etnike\",\"sameAs\":[\"https:\/\/shqiperia-etnike.com\/\"],\"url\":\"https:\/\/shqiperia-etnike.com\/author\/shqiperia-etnike\/\"}]}<\/script>\n<!-- \/ Yoast SEO plugin. -->","yoast_head_json":{"title":"Opozita shqiptare zbret n\u00eb shesh, protest\u00eb komb\u00ebtare para Kryeministris\u00eb - Shqip\u00ebria Etnike","robots":{"index":"index","follow":"follow","max-snippet":"max-snippet:-1","max-image-preview":"max-image-preview:large","max-video-preview":"max-video-preview:-1"},"canonical":"https:\/\/shqiperia-etnike.com\/opozita-shqiptare-zbret-ne-shesh-proteste-kombetare-para-kryeministrise\/","og_locale":"sq_AL","og_type":"article","og_title":"Opozita shqiptare zbret n\u00eb shesh, protest\u00eb komb\u00ebtare para Kryeministris\u00eb - Shqip\u00ebria Etnike","og_description":"Mb\u00ebshtet\u00ebsit e Partis\u00eb Demokratike dhe aleat\u00ebve t\u00eb saj jan\u00eb mbledhur para Kryeministris\u00eb, n\u00eb Bulevardin \u201cD\u00ebshmor\u00ebt e Kombit\u201d, n\u00eb nj\u00eb protest\u00eb masive pas akuzave t\u00eb ish-zv\/kryeministrit Arben Ahmetaj, i cili akuzoi Edi Ram\u00ebn dhe qeverin\u00eb p\u00ebr abuzime me fondet publike. Protesta vjen teksa vendi ndodhet rreth 100 dit\u00eb larg zgjedhjeve t\u00eb 11 majit. Sot organizator\u00ebt kan\u00eb [&hellip;]","og_url":"https:\/\/shqiperia-etnike.com\/opozita-shqiptare-zbret-ne-shesh-proteste-kombetare-para-kryeministrise\/","og_site_name":"Shqip\u00ebria Etnike","article_publisher":"https:\/\/www.facebook.com\/SqiperiaEtnikeCom","article_published_time":"2025-02-08T16:41:14+00:00","og_image":[{"width":900,"height":474,"url":"https:\/\/shqiperia-etnike.com\/wp-content\/uploads\/2025\/02\/900-0-3d1303c3e5306eba1135a3315d655e2e.jpg","type":"image\/jpeg"}],"author":"Shqiperia Etnike","twitter_card":"summary_large_image","twitter_misc":{"Written by":"Shqiperia Etnike","Est. reading time":"3 minutes"},"schema":{"@context":"https:\/\/schema.org","@graph":[{"@type":"Article","@id":"https:\/\/shqiperia-etnike.com\/opozita-shqiptare-zbret-ne-shesh-proteste-kombetare-para-kryeministrise\/#article","isPartOf":{"@id":"https:\/\/shqiperia-etnike.com\/opozita-shqiptare-zbret-ne-shesh-proteste-kombetare-para-kryeministrise\/"},"author":{"name":"Shqiperia Etnike","@id":"https:\/\/shqiperia-etnike.com\/#\/schema\/person\/0fd1d6077bf90bf4efdc2b515a05c566"},"headline":"Opozita shqiptare zbret n\u00eb shesh, protest\u00eb komb\u00ebtare para Kryeministris\u00eb","datePublished":"2025-02-08T16:41:14+00:00","mainEntityOfPage":{"@id":"https:\/\/shqiperia-etnike.com\/opozita-shqiptare-zbret-ne-shesh-proteste-kombetare-para-kryeministrise\/"},"wordCount":528,"commentCount":0,"publisher":{"@id":"https:\/\/shqiperia-etnike.com\/#organization"},"image":{"@id":"https:\/\/shqiperia-etnike.com\/opozita-shqiptare-zbret-ne-shesh-proteste-kombetare-para-kryeministrise\/#primaryimage"},"thumbnailUrl":"https:\/\/shqiperia-etnike.com\/wp-content\/uploads\/2025\/02\/900-0-3d1303c3e5306eba1135a3315d655e2e.jpg","keywords":["fuqin\u00eb","kryeministris\u00eb","Opozita","shesh"],"inLanguage":"sq-AL","potentialAction":[{"@type":"CommentAction","name":"Comment","target":["https:\/\/shqiperia-etnike.com\/opozita-shqiptare-zbret-ne-shesh-proteste-kombetare-para-kryeministrise\/#respond"]}]},{"@type":"WebPage","@id":"https:\/\/shqiperia-etnike.com\/opozita-shqiptare-zbret-ne-shesh-proteste-kombetare-para-kryeministrise\/","url":"https:\/\/shqiperia-etnike.com\/opozita-shqiptare-zbret-ne-shesh-proteste-kombetare-para-kryeministrise\/","name":"Opozita shqiptare zbret n\u00eb shesh, protest\u00eb komb\u00ebtare para Kryeministris\u00eb - Shqip\u00ebria Etnike","isPartOf":{"@id":"https:\/\/shqiperia-etnike.com\/#website"},"primaryImageOfPage":{"@id":"https:\/\/shqiperia-etnike.com\/opozita-shqiptare-zbret-ne-shesh-proteste-kombetare-para-kryeministrise\/#primaryimage"},"image":{"@id":"https:\/\/shqiperia-etnike.com\/opozita-shqiptare-zbret-ne-shesh-proteste-kombetare-para-kryeministrise\/#primaryimage"},"thumbnailUrl":"https:\/\/shqiperia-etnike.com\/wp-content\/uploads\/2025\/02\/900-0-3d1303c3e5306eba1135a3315d655e2e.jpg","datePublished":"2025-02-08T16:41:14+00:00","breadcrumb":{"@id":"https:\/\/shqiperia-etnike.com\/opozita-shqiptare-zbret-ne-shesh-proteste-kombetare-para-kryeministrise\/#breadcrumb"},"inLanguage":"sq-AL","potentialAction":[{"@type":"ReadAction","target":["https:\/\/shqiperia-etnike.com\/opozita-shqiptare-zbret-ne-shesh-proteste-kombetare-para-kryeministrise\/"]}]},{"@type":"ImageObject","inLanguage":"sq-AL","@id":"https:\/\/shqiperia-etnike.com\/opozita-shqiptare-zbret-ne-shesh-proteste-kombetare-para-kryeministrise\/#primaryimage","url":"https:\/\/shqiperia-etnike.com\/wp-content\/uploads\/2025\/02\/900-0-3d1303c3e5306eba1135a3315d655e2e.jpg","contentUrl":"https:\/\/shqiperia-etnike.com\/wp-content\/uploads\/2025\/02\/900-0-3d1303c3e5306eba1135a3315d655e2e.jpg","width":900,"height":474},{"@type":"BreadcrumbList","@id":"https:\/\/shqiperia-etnike.com\/opozita-shqiptare-zbret-ne-shesh-proteste-kombetare-para-kryeministrise\/#breadcrumb","itemListElement":[{"@type":"ListItem","position":1,"name":"Home","item":"https:\/\/shqiperia-etnike.com\/"},{"@type":"ListItem","position":2,"name":"Opozita shqiptare zbret n\u00eb shesh, protest\u00eb komb\u00ebtare para Kryeministris\u00eb"}]},{"@type":"WebSite","@id":"https:\/\/shqiperia-etnike.com\/#website","url":"https:\/\/shqiperia-etnike.com\/","name":"Shqip\u00ebria Etnike","description":"Gazeta Tradicionale e Veriut","publisher":{"@id":"https:\/\/shqiperia-etnike.com\/#organization"},"potentialAction":[{"@type":"SearchAction","target":{"@type":"EntryPoint","urlTemplate":"https:\/\/shqiperia-etnike.com\/?s={search_term_string}"},"query-input":{"@type":"PropertyValueSpecification","valueRequired":true,"valueName":"search_term_string"}}],"inLanguage":"sq-AL"},{"@type":"Organization","@id":"https:\/\/shqiperia-etnike.com\/#organization","name":"Shqip\u00ebria Etnike","url":"https:\/\/shqiperia-etnike.com\/","logo":{"@type":"ImageObject","inLanguage":"sq-AL","@id":"https:\/\/shqiperia-etnike.com\/#\/schema\/logo\/image\/","url":"https:\/\/shqiperia-etnike.com\/wp-content\/uploads\/2022\/05\/shqiperia-etnike-print.jpg","contentUrl":"https:\/\/shqiperia-etnike.com\/wp-content\/uploads\/2022\/05\/shqiperia-etnike-print.jpg","width":600,"height":850,"caption":"Shqip\u00ebria Etnike"},"image":{"@id":"https:\/\/shqiperia-etnike.com\/#\/schema\/logo\/image\/"},"sameAs":["https:\/\/www.facebook.com\/SqiperiaEtnikeCom"]},{"@type":"Person","@id":"https:\/\/shqiperia-etnike.com\/#\/schema\/person\/0fd1d6077bf90bf4efdc2b515a05c566","name":"Shqiperia Etnike","image":{"@type":"ImageObject","inLanguage":"sq-AL","@id":"https:\/\/secure.gravatar.com\/avatar\/369d1d5279f7f732a560419d178c5a08d4f0e3ce9ebcd12c874e0463b85c1bc3?s=96&r=g","url":"https:\/\/secure.gravatar.com\/avatar\/369d1d5279f7f732a560419d178c5a08d4f0e3ce9ebcd12c874e0463b85c1bc3?s=96&r=g","contentUrl":"https:\/\/secure.gravatar.com\/avatar\/369d1d5279f7f732a560419d178c5a08d4f0e3ce9ebcd12c874e0463b85c1bc3?s=96&r=g","caption":"Shqiperia Etnike"},"description":"Admin, Shqip\u00ebria Etnike","sameAs":["https:\/\/shqiperia-etnike.com\/"],"url":"https:\/\/shqiperia-etnike.com\/author\/shqiperia-etnike\/"}]}},"_links":{"self":[{"href":"https:\/\/shqiperia-etnike.com\/wp-json\/wp\/v2\/posts\/25815","targetHints":{"allow":["GET"]}}],"collection":[{"href":"https:\/\/shqiperia-etnike.com\/wp-json\/wp\/v2\/posts"}],"about":[{"href":"https:\/\/shqiperia-etnike.com\/wp-json\/wp\/v2\/types\/post"}],"author":[{"embeddable":true,"href":"https:\/\/shqiperia-etnike.com\/wp-json\/wp\/v2\/users\/2"}],"replies":[{"embeddable":true,"href":"https:\/\/shqiperia-etnike.com\/wp-json\/wp\/v2\/comments?post=25815"}],"version-history":[{"count":1,"href":"https:\/\/shqiperia-etnike.com\/wp-json\/wp\/v2\/posts\/25815\/revisions"}],"predecessor-version":[{"id":25817,"href":"https:\/\/shqiperia-etnike.com\/wp-json\/wp\/v2\/posts\/25815\/revisions\/25817"}],"wp:featuredmedia":[{"embeddable":true,"href":"https:\/\/shqiperia-etnike.com\/wp-json\/wp\/v2\/media\/25816"}],"wp:attachment":[{"href":"https:\/\/shqiperia-etnike.com\/wp-json\/wp\/v2\/media?parent=25815"}],"wp:term":[{"taxonomy":"category","embeddable":true,"href":"https:\/\/shqiperia-etnike.com\/wp-json\/wp\/v2\/categories?post=25815"},{"taxonomy":"post_tag","embeddable":true,"href":"https:\/\/shqiperia-etnike.com\/wp-json\/wp\/v2\/tags?post=25815"}],"curies":[{"name":"wp","href":"https:\/\/api.w.org\/{rel}","templated":true}]}}