{"id":31890,"date":"2025-11-26T18:51:40","date_gmt":"2025-11-26T16:51:40","guid":{"rendered":"https:\/\/shqiperia-etnike.com\/?p=31890"},"modified":"2025-11-26T18:51:40","modified_gmt":"2025-11-26T16:51:40","slug":"gara-per-kreun-e-bkh-se-prokuroria-e-posacme-propozon-joni-keten","status":"publish","type":"post","link":"https:\/\/shqiperia-etnike.com\/gara-per-kreun-e-bkh-se-prokuroria-e-posacme-propozon-joni-keten\/","title":{"rendered":"Gara p\u00ebr kreun e BKH-s\u00eb, Prokuroria e Posa\u00e7me propozon Joni Ket\u00ebn"},"content":{"rendered":"<p>Komisioni i SPAK q\u00eb ka propozuar emrin e Joni Ket\u00ebs, ka qen\u00eb i p\u00ebrb\u00ebr\u00eb prej Altin Dumanit, Arben Kraj\u00ebs dhe Behar Dibr\u00ebs.<\/p>\n<p>Keta ka sh\u00ebrbyer m\u00eb par\u00eb n\u00eb si Oficer i Policis\u00eb Gjyq\u00ebsore pran\u00eb Prokuroris\u00eb s\u00eb Krimeve t\u00eb R\u00ebnda.<\/p>\n<p>Em\u00ebrimi i kreut t\u00eb ri t\u00eb BKH-s\u00eb do t\u00eb b\u00ebhet prej K\u00ebshillit t\u00eb Lart\u00eb t\u00eb Prokuroris\u00eb dhe mandati i tij do t\u00eb jet\u00eb 5-vje\u00e7ar.<br \/>\nByroja Komb\u00ebtare e Hetimit konsiderohet si \u201cFBI-ja shqiptare\u201d dhe oficer\u00ebt special\u00eb garantojn\u00eb zbatimin e ligjit n\u00eb kryerjen e hetimeve cil\u00ebsore n\u00eb fush\u00ebn e veprave penale kund\u00ebr korrupsionit dhe krimit t\u00eb organizuar, n\u00ebn udh\u00ebheqjen e Prokuror\u00ebve t\u00eb Prokuroris\u00eb s\u00eb Posa\u00e7me, me q\u00ebllim parandalimin, zbulimin, goditjen e korrupsionit dhe krimit t\u00eb organizuar.<\/p>\n<p>Joni Keta \u00ebsht\u00eb nd\u00ebr oficer\u00ebt e par\u00eb t\u00eb Byros\u00eb Komb\u00ebtare t\u00eb Hetimit dhe nj\u00eb vit m\u00eb par\u00eb, n\u00eb 2024, ai garoi bashk\u00eb me gjasht\u00eb koleg\u00eb t\u00eb tjer\u00eb p\u00ebr t\u00eb marr\u00eb postin e z\u00ebvend\u00ebsit t\u00eb Aida Hajnaj.<\/p>\n<p>N\u00eb fund t\u00eb gar\u00ebs, Joni Keta u zgjodh fitues dhe sot sh\u00ebrben si z\u00ebvend\u00ebs drejtues i BKH-s\u00eb dhe nj\u00ebher\u00ebsh drejtues i komanduar pasi Aida Hajnaj i ka p\u00ebrfunduar mandati.<\/p>\n<p><img decoding=\"async\" src=\"https:\/\/www.panorama.com.al\/wp-content\/uploads\/2025\/11\/spak-njoftim-bkh-joni-keta.jpeg\" alt=\"spak njoftim bkh joni keta\" \/><\/p>\n","protected":false},"excerpt":{"rendered":"<p>Komisioni i SPAK q\u00eb ka propozuar emrin e Joni Ket\u00ebs, ka qen\u00eb i p\u00ebrb\u00ebr\u00eb prej Altin Dumanit, Arben Kraj\u00ebs dhe Behar Dibr\u00ebs. Keta ka sh\u00ebrbyer m\u00eb par\u00eb n\u00eb si Oficer i Policis\u00eb Gjyq\u00ebsore pran\u00eb Prokuroris\u00eb s\u00eb Krimeve t\u00eb R\u00ebnda. Em\u00ebrimi i kreut t\u00eb ri t\u00eb BKH-s\u00eb do t\u00eb b\u00ebhet prej K\u00ebshillit t\u00eb Lart\u00eb t\u00eb Prokuroris\u00eb [&hellip;]<\/p>\n","protected":false},"author":2,"featured_media":31891,"comment_status":"open","ping_status":"closed","sticky":false,"template":"","format":"standard","meta":{"footnotes":""},"categories":[59],"tags":[4581,6471,6472,1231,432],"class_list":{"0":"post-31890","1":"post","2":"type-post","3":"status-publish","4":"format-standard","5":"has-post-thumbnail","7":"category-lajm","8":"tag-aida","9":"tag-joni","10":"tag-propozon","11":"tag-renda","12":"tag-spak"},"yoast_head":"<!-- This site is optimized with the Yoast SEO plugin v27.2 - https:\/\/yoast.com\/product\/yoast-seo-wordpress\/ -->\n<title>Gara p\u00ebr kreun e BKH-s\u00eb, Prokuroria e Posa\u00e7me propozon Joni Ket\u00ebn - Shqip\u00ebria Etnike<\/title>\n<meta name=\"robots\" content=\"index, follow, max-snippet:-1, max-image-preview:large, max-video-preview:-1\" \/>\n<link rel=\"canonical\" href=\"https:\/\/shqiperia-etnike.com\/gara-per-kreun-e-bkh-se-prokuroria-e-posacme-propozon-joni-keten\/\" \/>\n<meta property=\"og:locale\" content=\"sq_AL\" \/>\n<meta property=\"og:type\" content=\"article\" \/>\n<meta property=\"og:title\" content=\"Gara p\u00ebr kreun e BKH-s\u00eb, Prokuroria e Posa\u00e7me propozon Joni Ket\u00ebn - Shqip\u00ebria Etnike\" \/>\n<meta property=\"og:description\" content=\"Komisioni i SPAK q\u00eb ka propozuar emrin e Joni Ket\u00ebs, ka qen\u00eb i p\u00ebrb\u00ebr\u00eb prej Altin Dumanit, Arben Kraj\u00ebs dhe Behar Dibr\u00ebs. Keta ka sh\u00ebrbyer m\u00eb par\u00eb n\u00eb si Oficer i Policis\u00eb Gjyq\u00ebsore pran\u00eb Prokuroris\u00eb s\u00eb Krimeve t\u00eb R\u00ebnda. Em\u00ebrimi i kreut t\u00eb ri t\u00eb BKH-s\u00eb do t\u00eb b\u00ebhet prej K\u00ebshillit t\u00eb Lart\u00eb t\u00eb Prokuroris\u00eb [&hellip;]\" \/>\n<meta property=\"og:url\" content=\"https:\/\/shqiperia-etnike.com\/gara-per-kreun-e-bkh-se-prokuroria-e-posacme-propozon-joni-keten\/\" \/>\n<meta property=\"og:site_name\" content=\"Shqip\u00ebria Etnike\" \/>\n<meta property=\"article:publisher\" content=\"https:\/\/www.facebook.com\/SqiperiaEtnikeCom\" \/>\n<meta property=\"article:published_time\" content=\"2025-11-26T16:51:40+00:00\" \/>\n<meta property=\"og:image\" content=\"https:\/\/shqiperia-etnike.com\/wp-content\/uploads\/2025\/11\/joni-keta.jpeg\" \/>\n\t<meta property=\"og:image:width\" content=\"1088\" \/>\n\t<meta property=\"og:image:height\" content=\"740\" \/>\n\t<meta property=\"og:image:type\" content=\"image\/jpeg\" \/>\n<meta name=\"author\" content=\"Shqiperia Etnike\" \/>\n<meta name=\"twitter:card\" content=\"summary_large_image\" \/>\n<meta name=\"twitter:label1\" content=\"Written by\" \/>\n\t<meta name=\"twitter:data1\" content=\"Shqiperia Etnike\" \/>\n\t<meta name=\"twitter:label2\" content=\"Est. reading time\" \/>\n\t<meta name=\"twitter:data2\" content=\"2 minutes\" \/>\n<script type=\"application\/ld+json\" class=\"yoast-schema-graph\">{\"@context\":\"https:\/\/schema.org\",\"@graph\":[{\"@type\":\"Article\",\"@id\":\"https:\/\/shqiperia-etnike.com\/gara-per-kreun-e-bkh-se-prokuroria-e-posacme-propozon-joni-keten\/#article\",\"isPartOf\":{\"@id\":\"https:\/\/shqiperia-etnike.com\/gara-per-kreun-e-bkh-se-prokuroria-e-posacme-propozon-joni-keten\/\"},\"author\":{\"name\":\"Shqiperia Etnike\",\"@id\":\"https:\/\/shqiperia-etnike.com\/#\/schema\/person\/0fd1d6077bf90bf4efdc2b515a05c566\"},\"headline\":\"Gara p\u00ebr kreun e BKH-s\u00eb, Prokuroria e Posa\u00e7me propozon Joni Ket\u00ebn\",\"datePublished\":\"2025-11-26T16:51:40+00:00\",\"mainEntityOfPage\":{\"@id\":\"https:\/\/shqiperia-etnike.com\/gara-per-kreun-e-bkh-se-prokuroria-e-posacme-propozon-joni-keten\/\"},\"wordCount\":226,\"commentCount\":0,\"publisher\":{\"@id\":\"https:\/\/shqiperia-etnike.com\/#organization\"},\"image\":{\"@id\":\"https:\/\/shqiperia-etnike.com\/gara-per-kreun-e-bkh-se-prokuroria-e-posacme-propozon-joni-keten\/#primaryimage\"},\"thumbnailUrl\":\"https:\/\/shqiperia-etnike.com\/wp-content\/uploads\/2025\/11\/joni-keta.jpeg\",\"keywords\":[\"Aida\",\"Joni\",\"propozon\",\"r\u00ebnda\",\"SPAK\"],\"articleSection\":[\"Lajm\"],\"inLanguage\":\"sq-AL\",\"potentialAction\":[{\"@type\":\"CommentAction\",\"name\":\"Comment\",\"target\":[\"https:\/\/shqiperia-etnike.com\/gara-per-kreun-e-bkh-se-prokuroria-e-posacme-propozon-joni-keten\/#respond\"]}]},{\"@type\":\"WebPage\",\"@id\":\"https:\/\/shqiperia-etnike.com\/gara-per-kreun-e-bkh-se-prokuroria-e-posacme-propozon-joni-keten\/\",\"url\":\"https:\/\/shqiperia-etnike.com\/gara-per-kreun-e-bkh-se-prokuroria-e-posacme-propozon-joni-keten\/\",\"name\":\"Gara p\u00ebr kreun e BKH-s\u00eb, Prokuroria e Posa\u00e7me propozon Joni Ket\u00ebn - Shqip\u00ebria Etnike\",\"isPartOf\":{\"@id\":\"https:\/\/shqiperia-etnike.com\/#website\"},\"primaryImageOfPage\":{\"@id\":\"https:\/\/shqiperia-etnike.com\/gara-per-kreun-e-bkh-se-prokuroria-e-posacme-propozon-joni-keten\/#primaryimage\"},\"image\":{\"@id\":\"https:\/\/shqiperia-etnike.com\/gara-per-kreun-e-bkh-se-prokuroria-e-posacme-propozon-joni-keten\/#primaryimage\"},\"thumbnailUrl\":\"https:\/\/shqiperia-etnike.com\/wp-content\/uploads\/2025\/11\/joni-keta.jpeg\",\"datePublished\":\"2025-11-26T16:51:40+00:00\",\"breadcrumb\":{\"@id\":\"https:\/\/shqiperia-etnike.com\/gara-per-kreun-e-bkh-se-prokuroria-e-posacme-propozon-joni-keten\/#breadcrumb\"},\"inLanguage\":\"sq-AL\",\"potentialAction\":[{\"@type\":\"ReadAction\",\"target\":[\"https:\/\/shqiperia-etnike.com\/gara-per-kreun-e-bkh-se-prokuroria-e-posacme-propozon-joni-keten\/\"]}]},{\"@type\":\"ImageObject\",\"inLanguage\":\"sq-AL\",\"@id\":\"https:\/\/shqiperia-etnike.com\/gara-per-kreun-e-bkh-se-prokuroria-e-posacme-propozon-joni-keten\/#primaryimage\",\"url\":\"https:\/\/shqiperia-etnike.com\/wp-content\/uploads\/2025\/11\/joni-keta.jpeg\",\"contentUrl\":\"https:\/\/shqiperia-etnike.com\/wp-content\/uploads\/2025\/11\/joni-keta.jpeg\",\"width\":1088,\"height\":740},{\"@type\":\"BreadcrumbList\",\"@id\":\"https:\/\/shqiperia-etnike.com\/gara-per-kreun-e-bkh-se-prokuroria-e-posacme-propozon-joni-keten\/#breadcrumb\",\"itemListElement\":[{\"@type\":\"ListItem\",\"position\":1,\"name\":\"Home\",\"item\":\"https:\/\/shqiperia-etnike.com\/\"},{\"@type\":\"ListItem\",\"position\":2,\"name\":\"Gara p\u00ebr kreun e BKH-s\u00eb, Prokuroria e Posa\u00e7me propozon Joni Ket\u00ebn\"}]},{\"@type\":\"WebSite\",\"@id\":\"https:\/\/shqiperia-etnike.com\/#website\",\"url\":\"https:\/\/shqiperia-etnike.com\/\",\"name\":\"Shqip\u00ebria Etnike\",\"description\":\"Gazeta Tradicionale e Veriut\",\"publisher\":{\"@id\":\"https:\/\/shqiperia-etnike.com\/#organization\"},\"potentialAction\":[{\"@type\":\"SearchAction\",\"target\":{\"@type\":\"EntryPoint\",\"urlTemplate\":\"https:\/\/shqiperia-etnike.com\/?s={search_term_string}\"},\"query-input\":{\"@type\":\"PropertyValueSpecification\",\"valueRequired\":true,\"valueName\":\"search_term_string\"}}],\"inLanguage\":\"sq-AL\"},{\"@type\":\"Organization\",\"@id\":\"https:\/\/shqiperia-etnike.com\/#organization\",\"name\":\"Shqip\u00ebria Etnike\",\"url\":\"https:\/\/shqiperia-etnike.com\/\",\"logo\":{\"@type\":\"ImageObject\",\"inLanguage\":\"sq-AL\",\"@id\":\"https:\/\/shqiperia-etnike.com\/#\/schema\/logo\/image\/\",\"url\":\"https:\/\/shqiperia-etnike.com\/wp-content\/uploads\/2022\/05\/shqiperia-etnike-print.jpg\",\"contentUrl\":\"https:\/\/shqiperia-etnike.com\/wp-content\/uploads\/2022\/05\/shqiperia-etnike-print.jpg\",\"width\":600,\"height\":850,\"caption\":\"Shqip\u00ebria Etnike\"},\"image\":{\"@id\":\"https:\/\/shqiperia-etnike.com\/#\/schema\/logo\/image\/\"},\"sameAs\":[\"https:\/\/www.facebook.com\/SqiperiaEtnikeCom\"]},{\"@type\":\"Person\",\"@id\":\"https:\/\/shqiperia-etnike.com\/#\/schema\/person\/0fd1d6077bf90bf4efdc2b515a05c566\",\"name\":\"Shqiperia Etnike\",\"image\":{\"@type\":\"ImageObject\",\"inLanguage\":\"sq-AL\",\"@id\":\"https:\/\/secure.gravatar.com\/avatar\/369d1d5279f7f732a560419d178c5a08d4f0e3ce9ebcd12c874e0463b85c1bc3?s=96&r=g\",\"url\":\"https:\/\/secure.gravatar.com\/avatar\/369d1d5279f7f732a560419d178c5a08d4f0e3ce9ebcd12c874e0463b85c1bc3?s=96&r=g\",\"contentUrl\":\"https:\/\/secure.gravatar.com\/avatar\/369d1d5279f7f732a560419d178c5a08d4f0e3ce9ebcd12c874e0463b85c1bc3?s=96&r=g\",\"caption\":\"Shqiperia Etnike\"},\"description\":\"Admin, Shqip\u00ebria Etnike\",\"sameAs\":[\"https:\/\/shqiperia-etnike.com\/\"],\"url\":\"https:\/\/shqiperia-etnike.com\/author\/shqiperia-etnike\/\"}]}<\/script>\n<!-- \/ Yoast SEO plugin. -->","yoast_head_json":{"title":"Gara p\u00ebr kreun e BKH-s\u00eb, Prokuroria e Posa\u00e7me propozon Joni Ket\u00ebn - Shqip\u00ebria Etnike","robots":{"index":"index","follow":"follow","max-snippet":"max-snippet:-1","max-image-preview":"max-image-preview:large","max-video-preview":"max-video-preview:-1"},"canonical":"https:\/\/shqiperia-etnike.com\/gara-per-kreun-e-bkh-se-prokuroria-e-posacme-propozon-joni-keten\/","og_locale":"sq_AL","og_type":"article","og_title":"Gara p\u00ebr kreun e BKH-s\u00eb, Prokuroria e Posa\u00e7me propozon Joni Ket\u00ebn - Shqip\u00ebria Etnike","og_description":"Komisioni i SPAK q\u00eb ka propozuar emrin e Joni Ket\u00ebs, ka qen\u00eb i p\u00ebrb\u00ebr\u00eb prej Altin Dumanit, Arben Kraj\u00ebs dhe Behar Dibr\u00ebs. Keta ka sh\u00ebrbyer m\u00eb par\u00eb n\u00eb si Oficer i Policis\u00eb Gjyq\u00ebsore pran\u00eb Prokuroris\u00eb s\u00eb Krimeve t\u00eb R\u00ebnda. Em\u00ebrimi i kreut t\u00eb ri t\u00eb BKH-s\u00eb do t\u00eb b\u00ebhet prej K\u00ebshillit t\u00eb Lart\u00eb t\u00eb Prokuroris\u00eb [&hellip;]","og_url":"https:\/\/shqiperia-etnike.com\/gara-per-kreun-e-bkh-se-prokuroria-e-posacme-propozon-joni-keten\/","og_site_name":"Shqip\u00ebria Etnike","article_publisher":"https:\/\/www.facebook.com\/SqiperiaEtnikeCom","article_published_time":"2025-11-26T16:51:40+00:00","og_image":[{"width":1088,"height":740,"url":"https:\/\/shqiperia-etnike.com\/wp-content\/uploads\/2025\/11\/joni-keta.jpeg","type":"image\/jpeg"}],"author":"Shqiperia Etnike","twitter_card":"summary_large_image","twitter_misc":{"Written by":"Shqiperia Etnike","Est. reading time":"2 minutes"},"schema":{"@context":"https:\/\/schema.org","@graph":[{"@type":"Article","@id":"https:\/\/shqiperia-etnike.com\/gara-per-kreun-e-bkh-se-prokuroria-e-posacme-propozon-joni-keten\/#article","isPartOf":{"@id":"https:\/\/shqiperia-etnike.com\/gara-per-kreun-e-bkh-se-prokuroria-e-posacme-propozon-joni-keten\/"},"author":{"name":"Shqiperia Etnike","@id":"https:\/\/shqiperia-etnike.com\/#\/schema\/person\/0fd1d6077bf90bf4efdc2b515a05c566"},"headline":"Gara p\u00ebr kreun e BKH-s\u00eb, Prokuroria e Posa\u00e7me propozon Joni Ket\u00ebn","datePublished":"2025-11-26T16:51:40+00:00","mainEntityOfPage":{"@id":"https:\/\/shqiperia-etnike.com\/gara-per-kreun-e-bkh-se-prokuroria-e-posacme-propozon-joni-keten\/"},"wordCount":226,"commentCount":0,"publisher":{"@id":"https:\/\/shqiperia-etnike.com\/#organization"},"image":{"@id":"https:\/\/shqiperia-etnike.com\/gara-per-kreun-e-bkh-se-prokuroria-e-posacme-propozon-joni-keten\/#primaryimage"},"thumbnailUrl":"https:\/\/shqiperia-etnike.com\/wp-content\/uploads\/2025\/11\/joni-keta.jpeg","keywords":["Aida","Joni","propozon","r\u00ebnda","SPAK"],"articleSection":["Lajm"],"inLanguage":"sq-AL","potentialAction":[{"@type":"CommentAction","name":"Comment","target":["https:\/\/shqiperia-etnike.com\/gara-per-kreun-e-bkh-se-prokuroria-e-posacme-propozon-joni-keten\/#respond"]}]},{"@type":"WebPage","@id":"https:\/\/shqiperia-etnike.com\/gara-per-kreun-e-bkh-se-prokuroria-e-posacme-propozon-joni-keten\/","url":"https:\/\/shqiperia-etnike.com\/gara-per-kreun-e-bkh-se-prokuroria-e-posacme-propozon-joni-keten\/","name":"Gara p\u00ebr kreun e BKH-s\u00eb, Prokuroria e Posa\u00e7me propozon Joni Ket\u00ebn - Shqip\u00ebria Etnike","isPartOf":{"@id":"https:\/\/shqiperia-etnike.com\/#website"},"primaryImageOfPage":{"@id":"https:\/\/shqiperia-etnike.com\/gara-per-kreun-e-bkh-se-prokuroria-e-posacme-propozon-joni-keten\/#primaryimage"},"image":{"@id":"https:\/\/shqiperia-etnike.com\/gara-per-kreun-e-bkh-se-prokuroria-e-posacme-propozon-joni-keten\/#primaryimage"},"thumbnailUrl":"https:\/\/shqiperia-etnike.com\/wp-content\/uploads\/2025\/11\/joni-keta.jpeg","datePublished":"2025-11-26T16:51:40+00:00","breadcrumb":{"@id":"https:\/\/shqiperia-etnike.com\/gara-per-kreun-e-bkh-se-prokuroria-e-posacme-propozon-joni-keten\/#breadcrumb"},"inLanguage":"sq-AL","potentialAction":[{"@type":"ReadAction","target":["https:\/\/shqiperia-etnike.com\/gara-per-kreun-e-bkh-se-prokuroria-e-posacme-propozon-joni-keten\/"]}]},{"@type":"ImageObject","inLanguage":"sq-AL","@id":"https:\/\/shqiperia-etnike.com\/gara-per-kreun-e-bkh-se-prokuroria-e-posacme-propozon-joni-keten\/#primaryimage","url":"https:\/\/shqiperia-etnike.com\/wp-content\/uploads\/2025\/11\/joni-keta.jpeg","contentUrl":"https:\/\/shqiperia-etnike.com\/wp-content\/uploads\/2025\/11\/joni-keta.jpeg","width":1088,"height":740},{"@type":"BreadcrumbList","@id":"https:\/\/shqiperia-etnike.com\/gara-per-kreun-e-bkh-se-prokuroria-e-posacme-propozon-joni-keten\/#breadcrumb","itemListElement":[{"@type":"ListItem","position":1,"name":"Home","item":"https:\/\/shqiperia-etnike.com\/"},{"@type":"ListItem","position":2,"name":"Gara p\u00ebr kreun e BKH-s\u00eb, Prokuroria e Posa\u00e7me propozon Joni Ket\u00ebn"}]},{"@type":"WebSite","@id":"https:\/\/shqiperia-etnike.com\/#website","url":"https:\/\/shqiperia-etnike.com\/","name":"Shqip\u00ebria Etnike","description":"Gazeta Tradicionale e Veriut","publisher":{"@id":"https:\/\/shqiperia-etnike.com\/#organization"},"potentialAction":[{"@type":"SearchAction","target":{"@type":"EntryPoint","urlTemplate":"https:\/\/shqiperia-etnike.com\/?s={search_term_string}"},"query-input":{"@type":"PropertyValueSpecification","valueRequired":true,"valueName":"search_term_string"}}],"inLanguage":"sq-AL"},{"@type":"Organization","@id":"https:\/\/shqiperia-etnike.com\/#organization","name":"Shqip\u00ebria Etnike","url":"https:\/\/shqiperia-etnike.com\/","logo":{"@type":"ImageObject","inLanguage":"sq-AL","@id":"https:\/\/shqiperia-etnike.com\/#\/schema\/logo\/image\/","url":"https:\/\/shqiperia-etnike.com\/wp-content\/uploads\/2022\/05\/shqiperia-etnike-print.jpg","contentUrl":"https:\/\/shqiperia-etnike.com\/wp-content\/uploads\/2022\/05\/shqiperia-etnike-print.jpg","width":600,"height":850,"caption":"Shqip\u00ebria Etnike"},"image":{"@id":"https:\/\/shqiperia-etnike.com\/#\/schema\/logo\/image\/"},"sameAs":["https:\/\/www.facebook.com\/SqiperiaEtnikeCom"]},{"@type":"Person","@id":"https:\/\/shqiperia-etnike.com\/#\/schema\/person\/0fd1d6077bf90bf4efdc2b515a05c566","name":"Shqiperia Etnike","image":{"@type":"ImageObject","inLanguage":"sq-AL","@id":"https:\/\/secure.gravatar.com\/avatar\/369d1d5279f7f732a560419d178c5a08d4f0e3ce9ebcd12c874e0463b85c1bc3?s=96&r=g","url":"https:\/\/secure.gravatar.com\/avatar\/369d1d5279f7f732a560419d178c5a08d4f0e3ce9ebcd12c874e0463b85c1bc3?s=96&r=g","contentUrl":"https:\/\/secure.gravatar.com\/avatar\/369d1d5279f7f732a560419d178c5a08d4f0e3ce9ebcd12c874e0463b85c1bc3?s=96&r=g","caption":"Shqiperia Etnike"},"description":"Admin, Shqip\u00ebria Etnike","sameAs":["https:\/\/shqiperia-etnike.com\/"],"url":"https:\/\/shqiperia-etnike.com\/author\/shqiperia-etnike\/"}]}},"_links":{"self":[{"href":"https:\/\/shqiperia-etnike.com\/wp-json\/wp\/v2\/posts\/31890","targetHints":{"allow":["GET"]}}],"collection":[{"href":"https:\/\/shqiperia-etnike.com\/wp-json\/wp\/v2\/posts"}],"about":[{"href":"https:\/\/shqiperia-etnike.com\/wp-json\/wp\/v2\/types\/post"}],"author":[{"embeddable":true,"href":"https:\/\/shqiperia-etnike.com\/wp-json\/wp\/v2\/users\/2"}],"replies":[{"embeddable":true,"href":"https:\/\/shqiperia-etnike.com\/wp-json\/wp\/v2\/comments?post=31890"}],"version-history":[{"count":1,"href":"https:\/\/shqiperia-etnike.com\/wp-json\/wp\/v2\/posts\/31890\/revisions"}],"predecessor-version":[{"id":31892,"href":"https:\/\/shqiperia-etnike.com\/wp-json\/wp\/v2\/posts\/31890\/revisions\/31892"}],"wp:featuredmedia":[{"embeddable":true,"href":"https:\/\/shqiperia-etnike.com\/wp-json\/wp\/v2\/media\/31891"}],"wp:attachment":[{"href":"https:\/\/shqiperia-etnike.com\/wp-json\/wp\/v2\/media?parent=31890"}],"wp:term":[{"taxonomy":"category","embeddable":true,"href":"https:\/\/shqiperia-etnike.com\/wp-json\/wp\/v2\/categories?post=31890"},{"taxonomy":"post_tag","embeddable":true,"href":"https:\/\/shqiperia-etnike.com\/wp-json\/wp\/v2\/tags?post=31890"}],"curies":[{"name":"wp","href":"https:\/\/api.w.org\/{rel}","templated":true}]}}