{"id":33676,"date":"2026-03-12T09:26:46","date_gmt":"2026-03-12T07:26:46","guid":{"rendered":"https:\/\/shqiperia-etnike.com\/?p=33676"},"modified":"2026-03-12T09:26:46","modified_gmt":"2026-03-12T07:26:46","slug":"spak-kerkon-arrestimin-e-belinda-ballukut-sot-votimi-ne-kuvend-per-dy-raportet-te-ps-qe-e-don-hajduten-ne-parlament-dhe-pd-qe-e-don-ne-burg","status":"publish","type":"post","link":"https:\/\/shqiperia-etnike.com\/?p=33676","title":{"rendered":"SPAK k\u00ebrkon arrestimin e Belinda Ballukut\/ Sot votimi n\u00eb Kuvend p\u00ebr dy raportet t\u00eb PS q\u00eb e don hajduten n\u00eb Parlament dhe PD q\u00eb e don n\u00eb burg"},"content":{"rendered":"<p>K\u00ebt\u00eb t\u00eb enjte, Kuvendi i Shqip\u00ebris\u00eb do t\u00eb vendos\u00eb mbi fatin e ish-ministres Belinda Balluku. N\u00eb or\u00ebn 10.00, Kuvendi do t\u00eb mblidhet n\u00eb seanc\u00eb plenare p\u00ebr t\u00eb shqyrtuar k\u00ebrkes\u00ebn e SPAK p\u00ebr heqjen e imunitetit t\u00eb deputetes, nj\u00eb \u00e7\u00ebshtje q\u00eb pritet t\u00eb shoq\u00ebrohet me debate dhe tensione politike.<\/p>\n<p>Sipas njoftimit t\u00eb rendit t\u00eb dit\u00ebs, kjo pik\u00eb do t\u00eb jet\u00eb e para n\u00eb axhend\u00eb, menj\u00ebher\u00eb pas nisjes s\u00eb seanc\u00ebs n\u00eb or\u00ebn 10:00.<br \/>\nProkuroria e Posa\u00e7me, i ka k\u00ebrkuar Kuvendit autorizim p\u00ebr arrestimin e Ballukut, duke argumentuar se deputetja ka intimiduar d\u00ebshmitar\u00eb dhe mund t\u00eb p\u00ebrb\u00ebj\u00eb rrezik p\u00ebr provat n\u00eb hetim.<br \/>\nMegjithat\u00eb, Partia Socialiste, i ka dal\u00eb n\u00eb krah deputetes s\u00eb saj dhe ka vendosur t\u00eb refuzoj\u00eb k\u00ebrkes\u00ebn e SPAK, duke mbajtur q\u00ebndrimin kund\u00ebr heqjes s\u00eb imunitetit.<\/p>\n<p>Kuvendi i Shqip\u00ebris\u00eb, ka publikuar agjend\u00ebn e punimeve t\u00eb seanc\u00ebs s\u00eb 12 marsit, ku pritet t\u00eb diskutohet k\u00ebrkesa p\u00ebr dh\u00ebnien e autorizimit p\u00ebr arrestimin e Belinda Ballukut.<br \/>\nSipas agjend\u00ebs s\u00eb Kuvendit, para prezantimit t\u00eb dy raporteve t\u00eb p\u00ebrgatitur nga PD dhe PS n\u00eb K\u00ebshillin e Mandateve, do t\u00eb shprehet deputetja Belinda Balluku.<\/p>\n<p>M\u00eb pas opozita do t\u00eb paraqes\u00eb raportin e hartuar nga an\u00ebtar\u00ebt e K\u00ebshillit p\u00ebr Rregulloren, Mandatet dhe Imunitetin<\/p>\n<p>Gjithashtu dhe shumica parlamentare, an\u00ebtar\u00eb t\u00eb K\u00ebshillit p\u00ebr Rregulloren, Mandatet dhe Imunitetin, do t\u00eb paraqesin q\u00ebndrimin e tyre dhe m\u00eb pas do t\u00eb hidhet p\u00ebr votim.<\/p>\n<p>Ky projektvendim k\u00ebrkon shumic\u00eb t\u00eb thjesht\u00eb votash p\u00ebr miratim.<\/p>\n<p>Nga ana tjet\u00ebr, Partia Demokratike, ka paralajm\u00ebruar se do t\u00eb k\u00ebmb\u00ebngul\u00eb p\u00ebr heqjen e imunitetit t\u00eb Ballukut, duke e konsideruar k\u00ebt\u00eb nj\u00eb test p\u00ebr drejt\u00ebsin\u00eb dhe p\u00ebr luft\u00ebn kund\u00ebr korrupsionit.<\/p>\n<p>P\u00ebr shkak t\u00eb q\u00ebndrimeve t\u00eb forta politike nga t\u00eb dyja pal\u00ebt, priten p\u00ebrplasje dhe tensione gjat\u00eb seanc\u00ebs plenare, nd\u00ebrsa paralelisht opozita ka paralajm\u00ebruar edhe protest\u00eb jasht\u00eb Parlamentit.<\/p>\n","protected":false},"excerpt":{"rendered":"<p>K\u00ebt\u00eb t\u00eb enjte, Kuvendi i Shqip\u00ebris\u00eb do t\u00eb vendos\u00eb mbi fatin e ish-ministres Belinda Balluku. N\u00eb or\u00ebn 10.00, Kuvendi do t\u00eb mblidhet n\u00eb seanc\u00eb plenare p\u00ebr t\u00eb shqyrtuar k\u00ebrkes\u00ebn e SPAK p\u00ebr heqjen e imunitetit t\u00eb deputetes, nj\u00eb \u00e7\u00ebshtje q\u00eb pritet t\u00eb shoq\u00ebrohet me debate dhe tensione politike. Sipas njoftimit t\u00eb rendit t\u00eb dit\u00ebs, kjo [&hellip;]<\/p>\n","protected":false},"author":2,"featured_media":33677,"comment_status":"open","ping_status":"closed","sticky":false,"template":"","format":"standard","meta":{"footnotes":""},"categories":[17],"tags":[4612,6239,7137,421,875,3146],"class_list":{"0":"post-33676","1":"post","2":"type-post","3":"status-publish","4":"format-standard","5":"has-post-thumbnail","7":"category-anti-mafia","8":"tag-belinda","9":"tag-heqjen","10":"tag-miratim","11":"tag-politike","12":"tag-proteste","13":"tag-votim"},"yoast_head":"<!-- This site is optimized with the Yoast SEO plugin v27.2 - https:\/\/yoast.com\/product\/yoast-seo-wordpress\/ -->\n<title>SPAK k\u00ebrkon arrestimin e Belinda Ballukut\/ Sot votimi n\u00eb Kuvend p\u00ebr dy raportet t\u00eb PS q\u00eb e don hajduten n\u00eb Parlament dhe PD q\u00eb e don n\u00eb burg - Shqip\u00ebria Etnike<\/title>\n<meta name=\"robots\" content=\"index, follow, max-snippet:-1, max-image-preview:large, max-video-preview:-1\" \/>\n<link rel=\"canonical\" href=\"https:\/\/shqiperia-etnike.com\/?p=33676\" \/>\n<meta property=\"og:locale\" content=\"sq_AL\" \/>\n<meta property=\"og:type\" content=\"article\" \/>\n<meta property=\"og:title\" content=\"SPAK k\u00ebrkon arrestimin e Belinda Ballukut\/ Sot votimi n\u00eb Kuvend p\u00ebr dy raportet t\u00eb PS q\u00eb e don hajduten n\u00eb Parlament dhe PD q\u00eb e don n\u00eb burg - Shqip\u00ebria Etnike\" \/>\n<meta property=\"og:description\" content=\"K\u00ebt\u00eb t\u00eb enjte, Kuvendi i Shqip\u00ebris\u00eb do t\u00eb vendos\u00eb mbi fatin e ish-ministres Belinda Balluku. N\u00eb or\u00ebn 10.00, Kuvendi do t\u00eb mblidhet n\u00eb seanc\u00eb plenare p\u00ebr t\u00eb shqyrtuar k\u00ebrkes\u00ebn e SPAK p\u00ebr heqjen e imunitetit t\u00eb deputetes, nj\u00eb \u00e7\u00ebshtje q\u00eb pritet t\u00eb shoq\u00ebrohet me debate dhe tensione politike. Sipas njoftimit t\u00eb rendit t\u00eb dit\u00ebs, kjo [&hellip;]\" \/>\n<meta property=\"og:url\" content=\"https:\/\/shqiperia-etnike.com\/?p=33676\" \/>\n<meta property=\"og:site_name\" content=\"Shqip\u00ebria Etnike\" \/>\n<meta property=\"article:publisher\" content=\"https:\/\/www.facebook.com\/SqiperiaEtnikeCom\" \/>\n<meta property=\"article:published_time\" content=\"2026-03-12T07:26:46+00:00\" \/>\n<meta property=\"og:image\" content=\"https:\/\/shqiperia-etnike.com\/wp-content\/uploads\/2026\/03\/635316028_1566434605482704_3120383358300648012_n.jpg\" \/>\n\t<meta property=\"og:image:width\" content=\"1440\" \/>\n\t<meta property=\"og:image:height\" content=\"959\" \/>\n\t<meta property=\"og:image:type\" content=\"image\/jpeg\" \/>\n<meta name=\"author\" content=\"Shqiperia Etnike\" \/>\n<meta name=\"twitter:card\" content=\"summary_large_image\" \/>\n<meta name=\"twitter:label1\" content=\"Written by\" \/>\n\t<meta name=\"twitter:data1\" content=\"Shqiperia Etnike\" \/>\n\t<meta name=\"twitter:label2\" content=\"Est. reading time\" \/>\n\t<meta name=\"twitter:data2\" content=\"2 minutes\" \/>\n<script type=\"application\/ld+json\" class=\"yoast-schema-graph\">{\"@context\":\"https:\/\/schema.org\",\"@graph\":[{\"@type\":\"Article\",\"@id\":\"https:\/\/shqiperia-etnike.com\/?p=33676#article\",\"isPartOf\":{\"@id\":\"https:\/\/shqiperia-etnike.com\/?p=33676\"},\"author\":{\"name\":\"Shqiperia Etnike\",\"@id\":\"https:\/\/shqiperia-etnike.com\/#\/schema\/person\/0fd1d6077bf90bf4efdc2b515a05c566\"},\"headline\":\"SPAK k\u00ebrkon arrestimin e Belinda Ballukut\/ Sot votimi n\u00eb Kuvend p\u00ebr dy raportet t\u00eb PS q\u00eb e don hajduten n\u00eb Parlament dhe PD q\u00eb e don n\u00eb burg\",\"datePublished\":\"2026-03-12T07:26:46+00:00\",\"mainEntityOfPage\":{\"@id\":\"https:\/\/shqiperia-etnike.com\/?p=33676\"},\"wordCount\":376,\"commentCount\":0,\"publisher\":{\"@id\":\"https:\/\/shqiperia-etnike.com\/#organization\"},\"image\":{\"@id\":\"https:\/\/shqiperia-etnike.com\/?p=33676#primaryimage\"},\"thumbnailUrl\":\"https:\/\/shqiperia-etnike.com\/wp-content\/uploads\/2026\/03\/635316028_1566434605482704_3120383358300648012_n.jpg\",\"keywords\":[\"Belinda\",\"heqjen\",\"miratim\",\"politik\u00eb\",\"protest\u00eb\",\"votim\"],\"articleSection\":[\"Anti-Mafia\"],\"inLanguage\":\"sq-AL\",\"potentialAction\":[{\"@type\":\"CommentAction\",\"name\":\"Comment\",\"target\":[\"https:\/\/shqiperia-etnike.com\/?p=33676#respond\"]}]},{\"@type\":\"WebPage\",\"@id\":\"https:\/\/shqiperia-etnike.com\/?p=33676\",\"url\":\"https:\/\/shqiperia-etnike.com\/?p=33676\",\"name\":\"SPAK k\u00ebrkon arrestimin e Belinda Ballukut\/ Sot votimi n\u00eb Kuvend p\u00ebr dy raportet t\u00eb PS q\u00eb e don hajduten n\u00eb Parlament dhe PD q\u00eb e don n\u00eb burg - Shqip\u00ebria Etnike\",\"isPartOf\":{\"@id\":\"https:\/\/shqiperia-etnike.com\/#website\"},\"primaryImageOfPage\":{\"@id\":\"https:\/\/shqiperia-etnike.com\/?p=33676#primaryimage\"},\"image\":{\"@id\":\"https:\/\/shqiperia-etnike.com\/?p=33676#primaryimage\"},\"thumbnailUrl\":\"https:\/\/shqiperia-etnike.com\/wp-content\/uploads\/2026\/03\/635316028_1566434605482704_3120383358300648012_n.jpg\",\"datePublished\":\"2026-03-12T07:26:46+00:00\",\"breadcrumb\":{\"@id\":\"https:\/\/shqiperia-etnike.com\/?p=33676#breadcrumb\"},\"inLanguage\":\"sq-AL\",\"potentialAction\":[{\"@type\":\"ReadAction\",\"target\":[\"https:\/\/shqiperia-etnike.com\/?p=33676\"]}]},{\"@type\":\"ImageObject\",\"inLanguage\":\"sq-AL\",\"@id\":\"https:\/\/shqiperia-etnike.com\/?p=33676#primaryimage\",\"url\":\"https:\/\/shqiperia-etnike.com\/wp-content\/uploads\/2026\/03\/635316028_1566434605482704_3120383358300648012_n.jpg\",\"contentUrl\":\"https:\/\/shqiperia-etnike.com\/wp-content\/uploads\/2026\/03\/635316028_1566434605482704_3120383358300648012_n.jpg\",\"width\":1440,\"height\":959},{\"@type\":\"BreadcrumbList\",\"@id\":\"https:\/\/shqiperia-etnike.com\/?p=33676#breadcrumb\",\"itemListElement\":[{\"@type\":\"ListItem\",\"position\":1,\"name\":\"Home\",\"item\":\"https:\/\/shqiperia-etnike.com\/\"},{\"@type\":\"ListItem\",\"position\":2,\"name\":\"SPAK k\u00ebrkon arrestimin e Belinda Ballukut\/ Sot votimi n\u00eb Kuvend p\u00ebr dy raportet t\u00eb PS q\u00eb e don hajduten n\u00eb Parlament dhe PD q\u00eb e don n\u00eb burg\"}]},{\"@type\":\"WebSite\",\"@id\":\"https:\/\/shqiperia-etnike.com\/#website\",\"url\":\"https:\/\/shqiperia-etnike.com\/\",\"name\":\"Shqip\u00ebria Etnike\",\"description\":\"Gazeta Tradicionale e Veriut\",\"publisher\":{\"@id\":\"https:\/\/shqiperia-etnike.com\/#organization\"},\"potentialAction\":[{\"@type\":\"SearchAction\",\"target\":{\"@type\":\"EntryPoint\",\"urlTemplate\":\"https:\/\/shqiperia-etnike.com\/?s={search_term_string}\"},\"query-input\":{\"@type\":\"PropertyValueSpecification\",\"valueRequired\":true,\"valueName\":\"search_term_string\"}}],\"inLanguage\":\"sq-AL\"},{\"@type\":\"Organization\",\"@id\":\"https:\/\/shqiperia-etnike.com\/#organization\",\"name\":\"Shqip\u00ebria Etnike\",\"url\":\"https:\/\/shqiperia-etnike.com\/\",\"logo\":{\"@type\":\"ImageObject\",\"inLanguage\":\"sq-AL\",\"@id\":\"https:\/\/shqiperia-etnike.com\/#\/schema\/logo\/image\/\",\"url\":\"https:\/\/shqiperia-etnike.com\/wp-content\/uploads\/2022\/05\/shqiperia-etnike-print.jpg\",\"contentUrl\":\"https:\/\/shqiperia-etnike.com\/wp-content\/uploads\/2022\/05\/shqiperia-etnike-print.jpg\",\"width\":600,\"height\":850,\"caption\":\"Shqip\u00ebria Etnike\"},\"image\":{\"@id\":\"https:\/\/shqiperia-etnike.com\/#\/schema\/logo\/image\/\"},\"sameAs\":[\"https:\/\/www.facebook.com\/SqiperiaEtnikeCom\"]},{\"@type\":\"Person\",\"@id\":\"https:\/\/shqiperia-etnike.com\/#\/schema\/person\/0fd1d6077bf90bf4efdc2b515a05c566\",\"name\":\"Shqiperia Etnike\",\"image\":{\"@type\":\"ImageObject\",\"inLanguage\":\"sq-AL\",\"@id\":\"https:\/\/secure.gravatar.com\/avatar\/369d1d5279f7f732a560419d178c5a08d4f0e3ce9ebcd12c874e0463b85c1bc3?s=96&r=g\",\"url\":\"https:\/\/secure.gravatar.com\/avatar\/369d1d5279f7f732a560419d178c5a08d4f0e3ce9ebcd12c874e0463b85c1bc3?s=96&r=g\",\"contentUrl\":\"https:\/\/secure.gravatar.com\/avatar\/369d1d5279f7f732a560419d178c5a08d4f0e3ce9ebcd12c874e0463b85c1bc3?s=96&r=g\",\"caption\":\"Shqiperia Etnike\"},\"description\":\"Admin, Shqip\u00ebria Etnike\",\"sameAs\":[\"https:\/\/shqiperia-etnike.com\/\"],\"url\":\"https:\/\/shqiperia-etnike.com\/?author=2\"}]}<\/script>\n<!-- \/ Yoast SEO plugin. -->","yoast_head_json":{"title":"SPAK k\u00ebrkon arrestimin e Belinda Ballukut\/ Sot votimi n\u00eb Kuvend p\u00ebr dy raportet t\u00eb PS q\u00eb e don hajduten n\u00eb Parlament dhe PD q\u00eb e don n\u00eb burg - Shqip\u00ebria Etnike","robots":{"index":"index","follow":"follow","max-snippet":"max-snippet:-1","max-image-preview":"max-image-preview:large","max-video-preview":"max-video-preview:-1"},"canonical":"https:\/\/shqiperia-etnike.com\/?p=33676","og_locale":"sq_AL","og_type":"article","og_title":"SPAK k\u00ebrkon arrestimin e Belinda Ballukut\/ Sot votimi n\u00eb Kuvend p\u00ebr dy raportet t\u00eb PS q\u00eb e don hajduten n\u00eb Parlament dhe PD q\u00eb e don n\u00eb burg - Shqip\u00ebria Etnike","og_description":"K\u00ebt\u00eb t\u00eb enjte, Kuvendi i Shqip\u00ebris\u00eb do t\u00eb vendos\u00eb mbi fatin e ish-ministres Belinda Balluku. N\u00eb or\u00ebn 10.00, Kuvendi do t\u00eb mblidhet n\u00eb seanc\u00eb plenare p\u00ebr t\u00eb shqyrtuar k\u00ebrkes\u00ebn e SPAK p\u00ebr heqjen e imunitetit t\u00eb deputetes, nj\u00eb \u00e7\u00ebshtje q\u00eb pritet t\u00eb shoq\u00ebrohet me debate dhe tensione politike. Sipas njoftimit t\u00eb rendit t\u00eb dit\u00ebs, kjo [&hellip;]","og_url":"https:\/\/shqiperia-etnike.com\/?p=33676","og_site_name":"Shqip\u00ebria Etnike","article_publisher":"https:\/\/www.facebook.com\/SqiperiaEtnikeCom","article_published_time":"2026-03-12T07:26:46+00:00","og_image":[{"width":1440,"height":959,"url":"https:\/\/shqiperia-etnike.com\/wp-content\/uploads\/2026\/03\/635316028_1566434605482704_3120383358300648012_n.jpg","type":"image\/jpeg"}],"author":"Shqiperia Etnike","twitter_card":"summary_large_image","twitter_misc":{"Written by":"Shqiperia Etnike","Est. reading time":"2 minutes"},"schema":{"@context":"https:\/\/schema.org","@graph":[{"@type":"Article","@id":"https:\/\/shqiperia-etnike.com\/?p=33676#article","isPartOf":{"@id":"https:\/\/shqiperia-etnike.com\/?p=33676"},"author":{"name":"Shqiperia Etnike","@id":"https:\/\/shqiperia-etnike.com\/#\/schema\/person\/0fd1d6077bf90bf4efdc2b515a05c566"},"headline":"SPAK k\u00ebrkon arrestimin e Belinda Ballukut\/ Sot votimi n\u00eb Kuvend p\u00ebr dy raportet t\u00eb PS q\u00eb e don hajduten n\u00eb Parlament dhe PD q\u00eb e don n\u00eb burg","datePublished":"2026-03-12T07:26:46+00:00","mainEntityOfPage":{"@id":"https:\/\/shqiperia-etnike.com\/?p=33676"},"wordCount":376,"commentCount":0,"publisher":{"@id":"https:\/\/shqiperia-etnike.com\/#organization"},"image":{"@id":"https:\/\/shqiperia-etnike.com\/?p=33676#primaryimage"},"thumbnailUrl":"https:\/\/shqiperia-etnike.com\/wp-content\/uploads\/2026\/03\/635316028_1566434605482704_3120383358300648012_n.jpg","keywords":["Belinda","heqjen","miratim","politik\u00eb","protest\u00eb","votim"],"articleSection":["Anti-Mafia"],"inLanguage":"sq-AL","potentialAction":[{"@type":"CommentAction","name":"Comment","target":["https:\/\/shqiperia-etnike.com\/?p=33676#respond"]}]},{"@type":"WebPage","@id":"https:\/\/shqiperia-etnike.com\/?p=33676","url":"https:\/\/shqiperia-etnike.com\/?p=33676","name":"SPAK k\u00ebrkon arrestimin e Belinda Ballukut\/ Sot votimi n\u00eb Kuvend p\u00ebr dy raportet t\u00eb PS q\u00eb e don hajduten n\u00eb Parlament dhe PD q\u00eb e don n\u00eb burg - Shqip\u00ebria Etnike","isPartOf":{"@id":"https:\/\/shqiperia-etnike.com\/#website"},"primaryImageOfPage":{"@id":"https:\/\/shqiperia-etnike.com\/?p=33676#primaryimage"},"image":{"@id":"https:\/\/shqiperia-etnike.com\/?p=33676#primaryimage"},"thumbnailUrl":"https:\/\/shqiperia-etnike.com\/wp-content\/uploads\/2026\/03\/635316028_1566434605482704_3120383358300648012_n.jpg","datePublished":"2026-03-12T07:26:46+00:00","breadcrumb":{"@id":"https:\/\/shqiperia-etnike.com\/?p=33676#breadcrumb"},"inLanguage":"sq-AL","potentialAction":[{"@type":"ReadAction","target":["https:\/\/shqiperia-etnike.com\/?p=33676"]}]},{"@type":"ImageObject","inLanguage":"sq-AL","@id":"https:\/\/shqiperia-etnike.com\/?p=33676#primaryimage","url":"https:\/\/shqiperia-etnike.com\/wp-content\/uploads\/2026\/03\/635316028_1566434605482704_3120383358300648012_n.jpg","contentUrl":"https:\/\/shqiperia-etnike.com\/wp-content\/uploads\/2026\/03\/635316028_1566434605482704_3120383358300648012_n.jpg","width":1440,"height":959},{"@type":"BreadcrumbList","@id":"https:\/\/shqiperia-etnike.com\/?p=33676#breadcrumb","itemListElement":[{"@type":"ListItem","position":1,"name":"Home","item":"https:\/\/shqiperia-etnike.com\/"},{"@type":"ListItem","position":2,"name":"SPAK k\u00ebrkon arrestimin e Belinda Ballukut\/ Sot votimi n\u00eb Kuvend p\u00ebr dy raportet t\u00eb PS q\u00eb e don hajduten n\u00eb Parlament dhe PD q\u00eb e don n\u00eb burg"}]},{"@type":"WebSite","@id":"https:\/\/shqiperia-etnike.com\/#website","url":"https:\/\/shqiperia-etnike.com\/","name":"Shqip\u00ebria Etnike","description":"Gazeta Tradicionale e Veriut","publisher":{"@id":"https:\/\/shqiperia-etnike.com\/#organization"},"potentialAction":[{"@type":"SearchAction","target":{"@type":"EntryPoint","urlTemplate":"https:\/\/shqiperia-etnike.com\/?s={search_term_string}"},"query-input":{"@type":"PropertyValueSpecification","valueRequired":true,"valueName":"search_term_string"}}],"inLanguage":"sq-AL"},{"@type":"Organization","@id":"https:\/\/shqiperia-etnike.com\/#organization","name":"Shqip\u00ebria Etnike","url":"https:\/\/shqiperia-etnike.com\/","logo":{"@type":"ImageObject","inLanguage":"sq-AL","@id":"https:\/\/shqiperia-etnike.com\/#\/schema\/logo\/image\/","url":"https:\/\/shqiperia-etnike.com\/wp-content\/uploads\/2022\/05\/shqiperia-etnike-print.jpg","contentUrl":"https:\/\/shqiperia-etnike.com\/wp-content\/uploads\/2022\/05\/shqiperia-etnike-print.jpg","width":600,"height":850,"caption":"Shqip\u00ebria Etnike"},"image":{"@id":"https:\/\/shqiperia-etnike.com\/#\/schema\/logo\/image\/"},"sameAs":["https:\/\/www.facebook.com\/SqiperiaEtnikeCom"]},{"@type":"Person","@id":"https:\/\/shqiperia-etnike.com\/#\/schema\/person\/0fd1d6077bf90bf4efdc2b515a05c566","name":"Shqiperia Etnike","image":{"@type":"ImageObject","inLanguage":"sq-AL","@id":"https:\/\/secure.gravatar.com\/avatar\/369d1d5279f7f732a560419d178c5a08d4f0e3ce9ebcd12c874e0463b85c1bc3?s=96&r=g","url":"https:\/\/secure.gravatar.com\/avatar\/369d1d5279f7f732a560419d178c5a08d4f0e3ce9ebcd12c874e0463b85c1bc3?s=96&r=g","contentUrl":"https:\/\/secure.gravatar.com\/avatar\/369d1d5279f7f732a560419d178c5a08d4f0e3ce9ebcd12c874e0463b85c1bc3?s=96&r=g","caption":"Shqiperia Etnike"},"description":"Admin, Shqip\u00ebria Etnike","sameAs":["https:\/\/shqiperia-etnike.com\/"],"url":"https:\/\/shqiperia-etnike.com\/?author=2"}]}},"_links":{"self":[{"href":"https:\/\/shqiperia-etnike.com\/index.php?rest_route=\/wp\/v2\/posts\/33676","targetHints":{"allow":["GET"]}}],"collection":[{"href":"https:\/\/shqiperia-etnike.com\/index.php?rest_route=\/wp\/v2\/posts"}],"about":[{"href":"https:\/\/shqiperia-etnike.com\/index.php?rest_route=\/wp\/v2\/types\/post"}],"author":[{"embeddable":true,"href":"https:\/\/shqiperia-etnike.com\/index.php?rest_route=\/wp\/v2\/users\/2"}],"replies":[{"embeddable":true,"href":"https:\/\/shqiperia-etnike.com\/index.php?rest_route=%2Fwp%2Fv2%2Fcomments&post=33676"}],"version-history":[{"count":1,"href":"https:\/\/shqiperia-etnike.com\/index.php?rest_route=\/wp\/v2\/posts\/33676\/revisions"}],"predecessor-version":[{"id":33678,"href":"https:\/\/shqiperia-etnike.com\/index.php?rest_route=\/wp\/v2\/posts\/33676\/revisions\/33678"}],"wp:featuredmedia":[{"embeddable":true,"href":"https:\/\/shqiperia-etnike.com\/index.php?rest_route=\/wp\/v2\/media\/33677"}],"wp:attachment":[{"href":"https:\/\/shqiperia-etnike.com\/index.php?rest_route=%2Fwp%2Fv2%2Fmedia&parent=33676"}],"wp:term":[{"taxonomy":"category","embeddable":true,"href":"https:\/\/shqiperia-etnike.com\/index.php?rest_route=%2Fwp%2Fv2%2Fcategories&post=33676"},{"taxonomy":"post_tag","embeddable":true,"href":"https:\/\/shqiperia-etnike.com\/index.php?rest_route=%2Fwp%2Fv2%2Ftags&post=33676"}],"curies":[{"name":"wp","href":"https:\/\/api.w.org\/{rel}","templated":true}]}}