{"id":33700,"date":"2026-03-12T15:36:49","date_gmt":"2026-03-12T13:36:49","guid":{"rendered":"https:\/\/shqiperia-etnike.com\/?p=33700"},"modified":"2026-03-12T15:36:49","modified_gmt":"2026-03-12T13:36:49","slug":"kjo-eshte-katershja-e-re-qe-drejton-iranin-pas-vdekjes-se-khamenei","status":"publish","type":"post","link":"https:\/\/shqiperia-etnike.com\/?p=33700","title":{"rendered":"Kjo \u00ebsht\u00eb kat\u00ebrshja e re q\u00eb drejton Iranin pas vdekjes s\u00eb Khamenei"},"content":{"rendered":"<p>Pas vdekjes s\u00eb udh\u00ebheq\u00ebsit Suprem t\u00eb Iranit, Ali Khamenei, Republika Islamike ka hyr\u00eb n\u00eb nj\u00eb faz\u00eb t\u00eb re t\u00eb pushtetit. Asambleja e Ekspert\u00ebve m\u00eb 9 mars em\u00ebroi si pasues djalin e tij, Mojtaba Khamenei, duke e vendosur at\u00eb n\u00eb krye t\u00eb sistemit politik dhe fetar t\u00eb vendit. Em\u00ebrimi i tij shihet si nj\u00eb p\u00ebrpjekje p\u00ebr t\u00eb ruajtur vazhdim\u00ebsin\u00eb e regjimit n\u00eb nj\u00eb moment shum\u00eb t\u00eb tensionuar p\u00ebr Iranin.<\/p>\n<p>Vendimi vjen n\u00eb nj\u00eb koh\u00eb kur Irani ndodhet n\u00eb nj\u00eb p\u00ebrballje t\u00eb ashp\u00ebr me SHBA-t\u00eb dhe Izraelin, nd\u00ebrsa disa sulme ajrore kan\u00eb goditur strukturat kryesore t\u00eb establishmentit iranian, duke eliminuar figura t\u00eb r\u00ebnd\u00ebsishme politike dhe ushtarake. N\u00eb k\u00ebt\u00eb situat\u00eb krize, pushteti \u00ebsht\u00eb p\u00ebrqendruar n\u00eb duart e nj\u00eb grupi t\u00eb vog\u00ebl lider\u00ebsh t\u00eb linj\u00ebs s\u00eb ashp\u00ebr.<\/p>\n<p>N\u00eb qend\u00ebr t\u00eb k\u00ebtij konfigurimi t\u00eb ri q\u00ebndron nj\u00eb kat\u00ebrshe figurash t\u00eb fuqishme: Ali Larijani, Mohammad Bagher Ghalibaf, Mojtaba Khamenei dhe Ahmad Vahidi. K\u00ebta lider\u00eb konsiderohen si njer\u00ebzit q\u00eb kan\u00eb mbushur boshll\u00ebkun e krijuar pas vdekjes s\u00eb liderit suprem dhe goditjeve ndaj elit\u00ebs iraniane.<br \/>\nMojtaba Khamenei, i cili p\u00ebr vite me radh\u00eb ka q\u00ebndruar larg sken\u00ebs publike, njihet si nj\u00eb figur\u00eb shum\u00eb diskrete, por me ndikim t\u00eb madh n\u00eb prapasken\u00eb. Analist\u00ebt e p\u00ebrshkruajn\u00eb at\u00eb si \u201cnjeriun n\u00eb hije\u201d t\u00eb babait t\u00eb tij, q\u00eb ka luajtur rol ky\u00e7 n\u00eb menaxhimin e marr\u00ebdh\u00ebnieve me strukturat m\u00eb t\u00eb forta t\u00eb regjimit, ve\u00e7an\u00ebrisht me Gard\u00ebn Revolucionare.<\/p>\n<p>Sipas raportimeve, Mojtaba \u00ebsht\u00eb plagosur n\u00eb k\u00ebmb\u00eb gjat\u00eb sulmeve t\u00eb fundit dhe ende nuk \u00ebsht\u00eb shfaqur publikisht pas em\u00ebrimit. Megjithat\u00eb, zgjedhja e tij si udh\u00ebheq\u00ebs suprem d\u00ebrgon nj\u00eb mesazh t\u00eb qart\u00eb p\u00ebr kund\u00ebrshtar\u00ebt e Iranit: Republika Islamike synon t\u00eb ruaj\u00eb stabilitetin dhe t\u00eb mos t\u00ebrhiqet nga politikat e saj strategjike.<\/p>\n<p>N\u00eb k\u00ebt\u00eb konfigurim t\u00eb ri t\u00eb pushtetit, nj\u00eb rol shum\u00eb t\u00eb r\u00ebnd\u00ebsish\u00ebm luan Ali Larijani, nj\u00eb figur\u00eb me p\u00ebrvoj\u00eb t\u00eb gjat\u00eb n\u00eb politik\u00ebn iraniane dhe n\u00eb negociatat p\u00ebr programin b\u00ebrthamor. Ai \u00ebsht\u00eb em\u00ebruar n\u00eb krye t\u00eb K\u00ebshillit Suprem t\u00eb Siguris\u00eb Komb\u00ebtare dhe konsiderohet si figura pragmatike q\u00eb menaxhon strategjin\u00eb e shtetit n\u00eb koh\u00eb lufte. Larijani ka marr\u00eb p\u00ebrsip\u00ebr koordinimin institucional dhe diplomatik, duke negociuar me vende si Omani dhe Rusia dhe duke paralajm\u00ebruar kund\u00ebrshtar\u00ebt nd\u00ebrkomb\u00ebtar\u00eb p\u00ebr pasoja t\u00eb r\u00ebnda.<\/p>\n<p>Nd\u00ebrkoh\u00eb, kryetari i parlamentit iranian, Mohammad Bagher Ghalibaf, ish-komandant i Gard\u00ebs Revolucionare dhe ish-kryetar i bashkis\u00eb s\u00eb Teheranit, kontrollon aspektin legjislativ dhe financiar t\u00eb reagimit t\u00eb Iranit ndaj kriz\u00ebs. Ai konsiderohet nj\u00eb nga mb\u00ebshtet\u00ebsit m\u00eb t\u00eb fort\u00eb t\u00eb ngritjes s\u00eb Mojtaba Khameneit n\u00eb krye t\u00eb shtetit.<\/p>\n<p>Figura e kat\u00ebrt n\u00eb k\u00ebt\u00eb struktur\u00eb \u00ebsht\u00eb Ahmad Vahidi, komandanti i ri i Gard\u00ebs Revolucionare. Ai mori k\u00ebt\u00eb post pasi paraardh\u00ebsi i tij u vra n\u00eb sulmet ajrore t\u00eb dit\u00ebve t\u00eb para t\u00eb konfliktit. Vahidi \u00ebsht\u00eb nj\u00eb figur\u00eb shum\u00eb e diskutueshme n\u00eb aren\u00ebn nd\u00ebrkomb\u00ebtare, pasi \u00ebsht\u00eb akuzuar p\u00ebr p\u00ebrfshirje n\u00eb sulmin me bomb\u00eb ndaj qendr\u00ebs hebraike AMIA n\u00eb Buenos Aires n\u00eb vitin 1994, ku humb\u00ebn jet\u00ebn 85 persona.<br \/>\nSi ish-komandant i Forcave Quds, Vahidi konsiderohet arkitekti i operacioneve ushtarake dhe i rrjetit t\u00eb aleat\u00ebve rajonal\u00eb t\u00eb Iranit. P\u00ebr k\u00ebt\u00eb arsye ai shpesh p\u00ebrshkruhet si \u201cmuskuli i regjimit\u201d.<\/p>\n<p>Nd\u00ebrsa pushteti n\u00eb Teheran po konsolidohet n\u00eb duart e k\u00ebsaj elite t\u00eb ngusht\u00eb, roli i presidentit t\u00eb Iranit, Masoud Pezeshkian, duket i zbehur. Edhe pse ai konsiderohet nj\u00eb politikan me prirje m\u00eb reformiste, vendimet strategjike mbi luft\u00ebn, sigurin\u00eb dhe politik\u00ebn e jashtme po merren nga struktura m\u00eb e fort\u00eb e sistemit, e dominuar nga kleri dhe aparati ushtarak.<\/p>\n<p>Analist\u00ebt paralajm\u00ebrojn\u00eb se lidhjet e forta t\u00eb Mojtaba Khameneit me Gard\u00ebn Revolucionare mund ta \u00e7ojn\u00eb Iranin drejt nj\u00eb faze edhe m\u00eb t\u00eb militarizuar dhe represive. Pyetjet kryesore tani jan\u00eb n\u00ebse lideri i ri do t\u00eb ndjek\u00eb nj\u00eb linj\u00eb m\u00eb t\u00eb ashp\u00ebr n\u00eb programin b\u00ebrthamor dhe n\u00eb marr\u00ebdh\u00ebniet me Per\u00ebndimin, apo n\u00ebse do t\u00eb p\u00ebrpiqet t\u00eb konsolidoj\u00eb pushtetin p\u00ebrmes nj\u00eb strategjie m\u00eb pragmatike.<\/p>\n<p>N\u00eb \u00e7do rast, pas vdekjes s\u00eb Ali Khameneit, Republika Islamike duket se po hyn n\u00eb nj\u00eb epok\u00eb t\u00eb re, ku pushteti mbetet i p\u00ebrqendruar n\u00eb duart e nj\u00eb elite t\u00eb vog\u00ebl dhe t\u00eb lidhur ngusht\u00eb me aparatin ushtarak dhe strukturat m\u00eb konservatore t\u00eb regjimit<\/p>\n","protected":false},"excerpt":{"rendered":"<p>Pas vdekjes s\u00eb udh\u00ebheq\u00ebsit Suprem t\u00eb Iranit, Ali Khamenei, Republika Islamike ka hyr\u00eb n\u00eb nj\u00eb faz\u00eb t\u00eb re t\u00eb pushtetit. Asambleja e Ekspert\u00ebve m\u00eb 9 mars em\u00ebroi si pasues djalin e tij, Mojtaba Khamenei, duke e vendosur at\u00eb n\u00eb krye t\u00eb sistemit politik dhe fetar t\u00eb vendit. Em\u00ebrimi i tij shihet si nj\u00eb p\u00ebrpjekje p\u00ebr [&hellip;]<\/p>\n","protected":false},"author":2,"featured_media":33701,"comment_status":"open","ping_status":"closed","sticky":false,"template":"","format":"standard","meta":{"footnotes":""},"categories":[18],"tags":[3147,7146,7145,1231,150,2899],"class_list":{"0":"post-33700","1":"post","2":"type-post","3":"status-publish","4":"format-standard","5":"has-post-thumbnail","7":"category-bota","8":"tag-iranit","9":"tag-islamike","10":"tag-khamenei","11":"tag-renda","12":"tag-sistemit","13":"tag-ushtarak"},"yoast_head":"<!-- This site is optimized with the Yoast SEO plugin v27.2 - https:\/\/yoast.com\/product\/yoast-seo-wordpress\/ -->\n<title>Kjo \u00ebsht\u00eb kat\u00ebrshja e re q\u00eb drejton Iranin pas vdekjes s\u00eb Khamenei - Shqip\u00ebria Etnike<\/title>\n<meta name=\"robots\" content=\"index, follow, max-snippet:-1, max-image-preview:large, max-video-preview:-1\" \/>\n<link rel=\"canonical\" href=\"https:\/\/shqiperia-etnike.com\/?p=33700\" \/>\n<meta property=\"og:locale\" content=\"sq_AL\" \/>\n<meta property=\"og:type\" content=\"article\" \/>\n<meta property=\"og:title\" content=\"Kjo \u00ebsht\u00eb kat\u00ebrshja e re q\u00eb drejton Iranin pas vdekjes s\u00eb Khamenei - Shqip\u00ebria Etnike\" \/>\n<meta property=\"og:description\" content=\"Pas vdekjes s\u00eb udh\u00ebheq\u00ebsit Suprem t\u00eb Iranit, Ali Khamenei, Republika Islamike ka hyr\u00eb n\u00eb nj\u00eb faz\u00eb t\u00eb re t\u00eb pushtetit. Asambleja e Ekspert\u00ebve m\u00eb 9 mars em\u00ebroi si pasues djalin e tij, Mojtaba Khamenei, duke e vendosur at\u00eb n\u00eb krye t\u00eb sistemit politik dhe fetar t\u00eb vendit. Em\u00ebrimi i tij shihet si nj\u00eb p\u00ebrpjekje p\u00ebr [&hellip;]\" \/>\n<meta property=\"og:url\" content=\"https:\/\/shqiperia-etnike.com\/?p=33700\" \/>\n<meta property=\"og:site_name\" content=\"Shqip\u00ebria Etnike\" \/>\n<meta property=\"article:publisher\" content=\"https:\/\/www.facebook.com\/SqiperiaEtnikeCom\" \/>\n<meta property=\"article:published_time\" content=\"2026-03-12T13:36:49+00:00\" \/>\n<meta property=\"og:image\" content=\"https:\/\/shqiperia-etnike.com\/wp-content\/uploads\/2026\/03\/640-0-69b2bf624a634.jpeg\" \/>\n\t<meta property=\"og:image:width\" content=\"640\" \/>\n\t<meta property=\"og:image:height\" content=\"480\" \/>\n\t<meta property=\"og:image:type\" content=\"image\/jpeg\" \/>\n<meta name=\"author\" content=\"Shqiperia Etnike\" \/>\n<meta name=\"twitter:card\" content=\"summary_large_image\" \/>\n<meta name=\"twitter:label1\" content=\"Written by\" \/>\n\t<meta name=\"twitter:data1\" content=\"Shqiperia Etnike\" \/>\n\t<meta name=\"twitter:label2\" content=\"Est. reading time\" \/>\n\t<meta name=\"twitter:data2\" content=\"4 minutes\" \/>\n<script type=\"application\/ld+json\" class=\"yoast-schema-graph\">{\"@context\":\"https:\/\/schema.org\",\"@graph\":[{\"@type\":\"Article\",\"@id\":\"https:\/\/shqiperia-etnike.com\/?p=33700#article\",\"isPartOf\":{\"@id\":\"https:\/\/shqiperia-etnike.com\/?p=33700\"},\"author\":{\"name\":\"Shqiperia Etnike\",\"@id\":\"https:\/\/shqiperia-etnike.com\/#\/schema\/person\/0fd1d6077bf90bf4efdc2b515a05c566\"},\"headline\":\"Kjo \u00ebsht\u00eb kat\u00ebrshja e re q\u00eb drejton Iranin pas vdekjes s\u00eb Khamenei\",\"datePublished\":\"2026-03-12T13:36:49+00:00\",\"mainEntityOfPage\":{\"@id\":\"https:\/\/shqiperia-etnike.com\/?p=33700\"},\"wordCount\":779,\"commentCount\":0,\"publisher\":{\"@id\":\"https:\/\/shqiperia-etnike.com\/#organization\"},\"image\":{\"@id\":\"https:\/\/shqiperia-etnike.com\/?p=33700#primaryimage\"},\"thumbnailUrl\":\"https:\/\/shqiperia-etnike.com\/wp-content\/uploads\/2026\/03\/640-0-69b2bf624a634.jpeg\",\"keywords\":[\"Iranit\",\"islamike\",\"Khamenei\",\"r\u00ebnda\",\"sistemit\",\"ushtarak\"],\"articleSection\":[\"Bota\"],\"inLanguage\":\"sq-AL\",\"potentialAction\":[{\"@type\":\"CommentAction\",\"name\":\"Comment\",\"target\":[\"https:\/\/shqiperia-etnike.com\/?p=33700#respond\"]}]},{\"@type\":\"WebPage\",\"@id\":\"https:\/\/shqiperia-etnike.com\/?p=33700\",\"url\":\"https:\/\/shqiperia-etnike.com\/?p=33700\",\"name\":\"Kjo \u00ebsht\u00eb kat\u00ebrshja e re q\u00eb drejton Iranin pas vdekjes s\u00eb Khamenei - Shqip\u00ebria Etnike\",\"isPartOf\":{\"@id\":\"https:\/\/shqiperia-etnike.com\/#website\"},\"primaryImageOfPage\":{\"@id\":\"https:\/\/shqiperia-etnike.com\/?p=33700#primaryimage\"},\"image\":{\"@id\":\"https:\/\/shqiperia-etnike.com\/?p=33700#primaryimage\"},\"thumbnailUrl\":\"https:\/\/shqiperia-etnike.com\/wp-content\/uploads\/2026\/03\/640-0-69b2bf624a634.jpeg\",\"datePublished\":\"2026-03-12T13:36:49+00:00\",\"breadcrumb\":{\"@id\":\"https:\/\/shqiperia-etnike.com\/?p=33700#breadcrumb\"},\"inLanguage\":\"sq-AL\",\"potentialAction\":[{\"@type\":\"ReadAction\",\"target\":[\"https:\/\/shqiperia-etnike.com\/?p=33700\"]}]},{\"@type\":\"ImageObject\",\"inLanguage\":\"sq-AL\",\"@id\":\"https:\/\/shqiperia-etnike.com\/?p=33700#primaryimage\",\"url\":\"https:\/\/shqiperia-etnike.com\/wp-content\/uploads\/2026\/03\/640-0-69b2bf624a634.jpeg\",\"contentUrl\":\"https:\/\/shqiperia-etnike.com\/wp-content\/uploads\/2026\/03\/640-0-69b2bf624a634.jpeg\",\"width\":640,\"height\":480},{\"@type\":\"BreadcrumbList\",\"@id\":\"https:\/\/shqiperia-etnike.com\/?p=33700#breadcrumb\",\"itemListElement\":[{\"@type\":\"ListItem\",\"position\":1,\"name\":\"Home\",\"item\":\"https:\/\/shqiperia-etnike.com\/\"},{\"@type\":\"ListItem\",\"position\":2,\"name\":\"Kjo \u00ebsht\u00eb kat\u00ebrshja e re q\u00eb drejton Iranin pas vdekjes s\u00eb Khamenei\"}]},{\"@type\":\"WebSite\",\"@id\":\"https:\/\/shqiperia-etnike.com\/#website\",\"url\":\"https:\/\/shqiperia-etnike.com\/\",\"name\":\"Shqip\u00ebria Etnike\",\"description\":\"Gazeta Tradicionale e Veriut\",\"publisher\":{\"@id\":\"https:\/\/shqiperia-etnike.com\/#organization\"},\"potentialAction\":[{\"@type\":\"SearchAction\",\"target\":{\"@type\":\"EntryPoint\",\"urlTemplate\":\"https:\/\/shqiperia-etnike.com\/?s={search_term_string}\"},\"query-input\":{\"@type\":\"PropertyValueSpecification\",\"valueRequired\":true,\"valueName\":\"search_term_string\"}}],\"inLanguage\":\"sq-AL\"},{\"@type\":\"Organization\",\"@id\":\"https:\/\/shqiperia-etnike.com\/#organization\",\"name\":\"Shqip\u00ebria Etnike\",\"url\":\"https:\/\/shqiperia-etnike.com\/\",\"logo\":{\"@type\":\"ImageObject\",\"inLanguage\":\"sq-AL\",\"@id\":\"https:\/\/shqiperia-etnike.com\/#\/schema\/logo\/image\/\",\"url\":\"https:\/\/shqiperia-etnike.com\/wp-content\/uploads\/2022\/05\/shqiperia-etnike-print.jpg\",\"contentUrl\":\"https:\/\/shqiperia-etnike.com\/wp-content\/uploads\/2022\/05\/shqiperia-etnike-print.jpg\",\"width\":600,\"height\":850,\"caption\":\"Shqip\u00ebria Etnike\"},\"image\":{\"@id\":\"https:\/\/shqiperia-etnike.com\/#\/schema\/logo\/image\/\"},\"sameAs\":[\"https:\/\/www.facebook.com\/SqiperiaEtnikeCom\"]},{\"@type\":\"Person\",\"@id\":\"https:\/\/shqiperia-etnike.com\/#\/schema\/person\/0fd1d6077bf90bf4efdc2b515a05c566\",\"name\":\"Shqiperia Etnike\",\"image\":{\"@type\":\"ImageObject\",\"inLanguage\":\"sq-AL\",\"@id\":\"https:\/\/secure.gravatar.com\/avatar\/369d1d5279f7f732a560419d178c5a08d4f0e3ce9ebcd12c874e0463b85c1bc3?s=96&r=g\",\"url\":\"https:\/\/secure.gravatar.com\/avatar\/369d1d5279f7f732a560419d178c5a08d4f0e3ce9ebcd12c874e0463b85c1bc3?s=96&r=g\",\"contentUrl\":\"https:\/\/secure.gravatar.com\/avatar\/369d1d5279f7f732a560419d178c5a08d4f0e3ce9ebcd12c874e0463b85c1bc3?s=96&r=g\",\"caption\":\"Shqiperia Etnike\"},\"description\":\"Admin, Shqip\u00ebria Etnike\",\"sameAs\":[\"https:\/\/shqiperia-etnike.com\/\"],\"url\":\"https:\/\/shqiperia-etnike.com\/?author=2\"}]}<\/script>\n<!-- \/ Yoast SEO plugin. -->","yoast_head_json":{"title":"Kjo \u00ebsht\u00eb kat\u00ebrshja e re q\u00eb drejton Iranin pas vdekjes s\u00eb Khamenei - Shqip\u00ebria Etnike","robots":{"index":"index","follow":"follow","max-snippet":"max-snippet:-1","max-image-preview":"max-image-preview:large","max-video-preview":"max-video-preview:-1"},"canonical":"https:\/\/shqiperia-etnike.com\/?p=33700","og_locale":"sq_AL","og_type":"article","og_title":"Kjo \u00ebsht\u00eb kat\u00ebrshja e re q\u00eb drejton Iranin pas vdekjes s\u00eb Khamenei - Shqip\u00ebria Etnike","og_description":"Pas vdekjes s\u00eb udh\u00ebheq\u00ebsit Suprem t\u00eb Iranit, Ali Khamenei, Republika Islamike ka hyr\u00eb n\u00eb nj\u00eb faz\u00eb t\u00eb re t\u00eb pushtetit. Asambleja e Ekspert\u00ebve m\u00eb 9 mars em\u00ebroi si pasues djalin e tij, Mojtaba Khamenei, duke e vendosur at\u00eb n\u00eb krye t\u00eb sistemit politik dhe fetar t\u00eb vendit. Em\u00ebrimi i tij shihet si nj\u00eb p\u00ebrpjekje p\u00ebr [&hellip;]","og_url":"https:\/\/shqiperia-etnike.com\/?p=33700","og_site_name":"Shqip\u00ebria Etnike","article_publisher":"https:\/\/www.facebook.com\/SqiperiaEtnikeCom","article_published_time":"2026-03-12T13:36:49+00:00","og_image":[{"width":640,"height":480,"url":"https:\/\/shqiperia-etnike.com\/wp-content\/uploads\/2026\/03\/640-0-69b2bf624a634.jpeg","type":"image\/jpeg"}],"author":"Shqiperia Etnike","twitter_card":"summary_large_image","twitter_misc":{"Written by":"Shqiperia Etnike","Est. reading time":"4 minutes"},"schema":{"@context":"https:\/\/schema.org","@graph":[{"@type":"Article","@id":"https:\/\/shqiperia-etnike.com\/?p=33700#article","isPartOf":{"@id":"https:\/\/shqiperia-etnike.com\/?p=33700"},"author":{"name":"Shqiperia Etnike","@id":"https:\/\/shqiperia-etnike.com\/#\/schema\/person\/0fd1d6077bf90bf4efdc2b515a05c566"},"headline":"Kjo \u00ebsht\u00eb kat\u00ebrshja e re q\u00eb drejton Iranin pas vdekjes s\u00eb Khamenei","datePublished":"2026-03-12T13:36:49+00:00","mainEntityOfPage":{"@id":"https:\/\/shqiperia-etnike.com\/?p=33700"},"wordCount":779,"commentCount":0,"publisher":{"@id":"https:\/\/shqiperia-etnike.com\/#organization"},"image":{"@id":"https:\/\/shqiperia-etnike.com\/?p=33700#primaryimage"},"thumbnailUrl":"https:\/\/shqiperia-etnike.com\/wp-content\/uploads\/2026\/03\/640-0-69b2bf624a634.jpeg","keywords":["Iranit","islamike","Khamenei","r\u00ebnda","sistemit","ushtarak"],"articleSection":["Bota"],"inLanguage":"sq-AL","potentialAction":[{"@type":"CommentAction","name":"Comment","target":["https:\/\/shqiperia-etnike.com\/?p=33700#respond"]}]},{"@type":"WebPage","@id":"https:\/\/shqiperia-etnike.com\/?p=33700","url":"https:\/\/shqiperia-etnike.com\/?p=33700","name":"Kjo \u00ebsht\u00eb kat\u00ebrshja e re q\u00eb drejton Iranin pas vdekjes s\u00eb Khamenei - Shqip\u00ebria Etnike","isPartOf":{"@id":"https:\/\/shqiperia-etnike.com\/#website"},"primaryImageOfPage":{"@id":"https:\/\/shqiperia-etnike.com\/?p=33700#primaryimage"},"image":{"@id":"https:\/\/shqiperia-etnike.com\/?p=33700#primaryimage"},"thumbnailUrl":"https:\/\/shqiperia-etnike.com\/wp-content\/uploads\/2026\/03\/640-0-69b2bf624a634.jpeg","datePublished":"2026-03-12T13:36:49+00:00","breadcrumb":{"@id":"https:\/\/shqiperia-etnike.com\/?p=33700#breadcrumb"},"inLanguage":"sq-AL","potentialAction":[{"@type":"ReadAction","target":["https:\/\/shqiperia-etnike.com\/?p=33700"]}]},{"@type":"ImageObject","inLanguage":"sq-AL","@id":"https:\/\/shqiperia-etnike.com\/?p=33700#primaryimage","url":"https:\/\/shqiperia-etnike.com\/wp-content\/uploads\/2026\/03\/640-0-69b2bf624a634.jpeg","contentUrl":"https:\/\/shqiperia-etnike.com\/wp-content\/uploads\/2026\/03\/640-0-69b2bf624a634.jpeg","width":640,"height":480},{"@type":"BreadcrumbList","@id":"https:\/\/shqiperia-etnike.com\/?p=33700#breadcrumb","itemListElement":[{"@type":"ListItem","position":1,"name":"Home","item":"https:\/\/shqiperia-etnike.com\/"},{"@type":"ListItem","position":2,"name":"Kjo \u00ebsht\u00eb kat\u00ebrshja e re q\u00eb drejton Iranin pas vdekjes s\u00eb Khamenei"}]},{"@type":"WebSite","@id":"https:\/\/shqiperia-etnike.com\/#website","url":"https:\/\/shqiperia-etnike.com\/","name":"Shqip\u00ebria Etnike","description":"Gazeta Tradicionale e Veriut","publisher":{"@id":"https:\/\/shqiperia-etnike.com\/#organization"},"potentialAction":[{"@type":"SearchAction","target":{"@type":"EntryPoint","urlTemplate":"https:\/\/shqiperia-etnike.com\/?s={search_term_string}"},"query-input":{"@type":"PropertyValueSpecification","valueRequired":true,"valueName":"search_term_string"}}],"inLanguage":"sq-AL"},{"@type":"Organization","@id":"https:\/\/shqiperia-etnike.com\/#organization","name":"Shqip\u00ebria Etnike","url":"https:\/\/shqiperia-etnike.com\/","logo":{"@type":"ImageObject","inLanguage":"sq-AL","@id":"https:\/\/shqiperia-etnike.com\/#\/schema\/logo\/image\/","url":"https:\/\/shqiperia-etnike.com\/wp-content\/uploads\/2022\/05\/shqiperia-etnike-print.jpg","contentUrl":"https:\/\/shqiperia-etnike.com\/wp-content\/uploads\/2022\/05\/shqiperia-etnike-print.jpg","width":600,"height":850,"caption":"Shqip\u00ebria Etnike"},"image":{"@id":"https:\/\/shqiperia-etnike.com\/#\/schema\/logo\/image\/"},"sameAs":["https:\/\/www.facebook.com\/SqiperiaEtnikeCom"]},{"@type":"Person","@id":"https:\/\/shqiperia-etnike.com\/#\/schema\/person\/0fd1d6077bf90bf4efdc2b515a05c566","name":"Shqiperia Etnike","image":{"@type":"ImageObject","inLanguage":"sq-AL","@id":"https:\/\/secure.gravatar.com\/avatar\/369d1d5279f7f732a560419d178c5a08d4f0e3ce9ebcd12c874e0463b85c1bc3?s=96&r=g","url":"https:\/\/secure.gravatar.com\/avatar\/369d1d5279f7f732a560419d178c5a08d4f0e3ce9ebcd12c874e0463b85c1bc3?s=96&r=g","contentUrl":"https:\/\/secure.gravatar.com\/avatar\/369d1d5279f7f732a560419d178c5a08d4f0e3ce9ebcd12c874e0463b85c1bc3?s=96&r=g","caption":"Shqiperia Etnike"},"description":"Admin, Shqip\u00ebria Etnike","sameAs":["https:\/\/shqiperia-etnike.com\/"],"url":"https:\/\/shqiperia-etnike.com\/?author=2"}]}},"_links":{"self":[{"href":"https:\/\/shqiperia-etnike.com\/index.php?rest_route=\/wp\/v2\/posts\/33700","targetHints":{"allow":["GET"]}}],"collection":[{"href":"https:\/\/shqiperia-etnike.com\/index.php?rest_route=\/wp\/v2\/posts"}],"about":[{"href":"https:\/\/shqiperia-etnike.com\/index.php?rest_route=\/wp\/v2\/types\/post"}],"author":[{"embeddable":true,"href":"https:\/\/shqiperia-etnike.com\/index.php?rest_route=\/wp\/v2\/users\/2"}],"replies":[{"embeddable":true,"href":"https:\/\/shqiperia-etnike.com\/index.php?rest_route=%2Fwp%2Fv2%2Fcomments&post=33700"}],"version-history":[{"count":1,"href":"https:\/\/shqiperia-etnike.com\/index.php?rest_route=\/wp\/v2\/posts\/33700\/revisions"}],"predecessor-version":[{"id":33702,"href":"https:\/\/shqiperia-etnike.com\/index.php?rest_route=\/wp\/v2\/posts\/33700\/revisions\/33702"}],"wp:featuredmedia":[{"embeddable":true,"href":"https:\/\/shqiperia-etnike.com\/index.php?rest_route=\/wp\/v2\/media\/33701"}],"wp:attachment":[{"href":"https:\/\/shqiperia-etnike.com\/index.php?rest_route=%2Fwp%2Fv2%2Fmedia&parent=33700"}],"wp:term":[{"taxonomy":"category","embeddable":true,"href":"https:\/\/shqiperia-etnike.com\/index.php?rest_route=%2Fwp%2Fv2%2Fcategories&post=33700"},{"taxonomy":"post_tag","embeddable":true,"href":"https:\/\/shqiperia-etnike.com\/index.php?rest_route=%2Fwp%2Fv2%2Ftags&post=33700"}],"curies":[{"name":"wp","href":"https:\/\/api.w.org\/{rel}","templated":true}]}}