{"id":33738,"date":"2026-03-15T09:42:59","date_gmt":"2026-03-15T07:42:59","guid":{"rendered":"https:\/\/shqiperia-etnike.com\/?p=33738"},"modified":"2026-03-15T09:42:59","modified_gmt":"2026-03-15T07:42:59","slug":"ish-deputeti-spartak-braho-deklaron-belinda-ballukut-si-ben-derman-as-perendia","status":"publish","type":"post","link":"https:\/\/shqiperia-etnike.com\/ish-deputeti-spartak-braho-deklaron-belinda-ballukut-si-ben-derman-as-perendia\/","title":{"rendered":"ish-deputeti Spartak Braho deklaron: Belinda Ballukut s\u2019i b\u00ebn derman as per\u00ebndia"},"content":{"rendered":"<p>Ish-deputeti socialist, Spartak Braho, thot\u00eb se kryeministri Edi Rama duhej t\u00eb kishte shkarkuar Belinda Ballukun nga posti i z\u00ebvend\u00ebskryeministres dhe ministres s\u00eb Infrastruktur\u00ebs dhe Energjis\u00eb, menj\u00ebher\u00eb pasi SPAK i komunikoi akuz\u00ebn p\u00ebr vepr\u00ebn penale \u201cshkelje e barazis\u00eb n\u00eb tender\u00eb\u201d p\u00ebr tunelin e Llogaras\u00eb.<\/p>\n<p>\u201cDuhej, duhej ta kishte shkarkuar. E leht\u00ebsonte. Duhet kuptuar nj\u00eb gj\u00eb. Hiqet imuniteti, s\u2019hiqet imuniteti; merret e pandehur, s\u2019merret e pandehur; ka filluar \u00e7\u00ebshtja penale. Dosja n\u00eb fund do t\u00eb shkoj\u00eb n\u00eb gjyq. Nuk ka per\u00ebndi q\u00eb i b\u00ebn derman Ballukut. Do vej\u00eb n\u00eb gjyq, do ta shqyrtoj\u00eb. Vendimin e fundit, me imunitet, pa imunitet, e jep gjykata q\u00eb do t\u00eb shqyrtoj\u00eb \u00e7\u00ebshtjen\u201d,- tha Braho n\u00eb nj\u00eb emision televiziv,<\/p>\n<p>Ish-deputeti scialist deklaroi q\u00eb ndryshe nga \u00e7far\u00eb thuhet n\u00eb publik, mazhoranca po nd\u00ebrhyn n\u00eb pun\u00ebt e Drejt\u00ebsis\u00eb, dhe se k\u00ebt\u00eb e v\u00ebrteton edhe gjuha e p\u00ebrdorur nga kryeministri Rama n\u00eb mbledhjen e grupit parlamentar t\u00eb Partis\u00eb Socialiste, ku u prezantua raporti p\u00ebr k\u00ebrkes\u00ebn e SPAK p\u00ebr heqjen e imunitetit t\u00eb Ballukut, me q\u00ebllim heqjen e liris\u00eb.<\/p>\n<p>\u201cAshtu thot\u00eb, por nd\u00ebrhyn n\u00eb pun\u00ebt e Drejt\u00ebsis\u00eb. D\u00ebgjoje Ram\u00ebn pardje vije duart n\u00eb kok\u00eb. Vije duart n\u00eb kok\u00eb. Ishte kakofoni. U duk si nj\u00eb student i vitit t\u00eb par\u00eb t\u00eb Drejt\u00ebsis\u00eb me ato kazuse q\u00eb p\u00ebrmendi. Biles mori p\u00ebrsip\u00ebr t\u00eb komentonte ka fyerje apo s\u2019ka fyerje, ka shpifje apo s\u2019ka shpifje. Ka k\u00ebrc\u00ebnuar apo nuk ka k\u00ebrc\u00ebnuar. Kazus p\u00ebr t\u00eb qeshur. Shpjegimi ishte pa kuptim fare, ashtu si\u00e7 ishte dhe kazusi q\u00eb p\u00ebrdori. Rama mund t\u00eb jet\u00eb politolog i mir\u00eb, piktor i mir\u00eb. Por, jurist shum\u00eb i keq\u201d,- tha Braho.<\/p>\n<p>P\u00ebr deputetin Ulsi Manja, i cili lexoi raportin e socialist\u00ebve, Braho tha se \u201c\u00ebsht\u00eb nj\u00eb jeni\u00e7er i pushtetit politik. Nuk ka m\u00eb sh\u00ebrb\u00ebr t\u00eb pushtetit politik se sa kur nj\u00eb jurist b\u00ebhet jeni\u00e7er. Manja t\u00eb tregoj\u00eb nj\u00eb\u00e7ik\u00eb dinjitet. Ta k\u00ebshillojn\u00eb at\u00eb se jan\u00eb af\u00ebr mos t\u00eb flas\u00eb kodra pas bregut.<\/p>\n","protected":false},"excerpt":{"rendered":"<p>Ish-deputeti socialist, Spartak Braho, thot\u00eb se kryeministri Edi Rama duhej t\u00eb kishte shkarkuar Belinda Ballukun nga posti i z\u00ebvend\u00ebskryeministres dhe ministres s\u00eb Infrastruktur\u00ebs dhe Energjis\u00eb, menj\u00ebher\u00eb pasi SPAK i komunikoi akuz\u00ebn p\u00ebr vepr\u00ebn penale \u201cshkelje e barazis\u00eb n\u00eb tender\u00eb\u201d p\u00ebr tunelin e Llogaras\u00eb. \u201cDuhej, duhej ta kishte shkarkuar. E leht\u00ebsonte. Duhet kuptuar nj\u00eb gj\u00eb. Hiqet [&hellip;]<\/p>\n","protected":false},"author":2,"featured_media":33739,"comment_status":"open","ping_status":"closed","sticky":false,"template":"","format":"standard","meta":{"footnotes":""},"categories":[17],"tags":[4612,520,7157,155,768],"class_list":{"0":"post-33738","1":"post","2":"type-post","3":"status-publish","4":"format-standard","5":"has-post-thumbnail","7":"category-anti-mafia","8":"tag-belinda","9":"tag-drejtesise","10":"tag-perendia","11":"tag-publik","12":"tag-rama"},"yoast_head":"<!-- This site is optimized with the Yoast SEO plugin v27.2 - https:\/\/yoast.com\/product\/yoast-seo-wordpress\/ -->\n<title>ish-deputeti Spartak Braho deklaron: Belinda Ballukut s\u2019i b\u00ebn derman as per\u00ebndia - Shqip\u00ebria Etnike<\/title>\n<meta name=\"robots\" content=\"index, follow, max-snippet:-1, max-image-preview:large, max-video-preview:-1\" \/>\n<link rel=\"canonical\" href=\"https:\/\/shqiperia-etnike.com\/ish-deputeti-spartak-braho-deklaron-belinda-ballukut-si-ben-derman-as-perendia\/\" \/>\n<meta property=\"og:locale\" content=\"sq_AL\" \/>\n<meta property=\"og:type\" content=\"article\" \/>\n<meta property=\"og:title\" content=\"ish-deputeti Spartak Braho deklaron: Belinda Ballukut s\u2019i b\u00ebn derman as per\u00ebndia - Shqip\u00ebria Etnike\" \/>\n<meta property=\"og:description\" content=\"Ish-deputeti socialist, Spartak Braho, thot\u00eb se kryeministri Edi Rama duhej t\u00eb kishte shkarkuar Belinda Ballukun nga posti i z\u00ebvend\u00ebskryeministres dhe ministres s\u00eb Infrastruktur\u00ebs dhe Energjis\u00eb, menj\u00ebher\u00eb pasi SPAK i komunikoi akuz\u00ebn p\u00ebr vepr\u00ebn penale \u201cshkelje e barazis\u00eb n\u00eb tender\u00eb\u201d p\u00ebr tunelin e Llogaras\u00eb. \u201cDuhej, duhej ta kishte shkarkuar. E leht\u00ebsonte. Duhet kuptuar nj\u00eb gj\u00eb. Hiqet [&hellip;]\" \/>\n<meta property=\"og:url\" content=\"https:\/\/shqiperia-etnike.com\/ish-deputeti-spartak-braho-deklaron-belinda-ballukut-si-ben-derman-as-perendia\/\" \/>\n<meta property=\"og:site_name\" content=\"Shqip\u00ebria Etnike\" \/>\n<meta property=\"article:publisher\" content=\"https:\/\/www.facebook.com\/SqiperiaEtnikeCom\" \/>\n<meta property=\"article:published_time\" content=\"2026-03-15T07:42:59+00:00\" \/>\n<meta property=\"og:image\" content=\"https:\/\/shqiperia-etnike.com\/wp-content\/uploads\/2026\/03\/1773256170_spartakbraho-750x423-1.jpg\" \/>\n\t<meta property=\"og:image:width\" content=\"750\" \/>\n\t<meta property=\"og:image:height\" content=\"423\" \/>\n\t<meta property=\"og:image:type\" content=\"image\/jpeg\" \/>\n<meta name=\"author\" content=\"Shqiperia Etnike\" \/>\n<meta name=\"twitter:card\" content=\"summary_large_image\" \/>\n<meta name=\"twitter:label1\" content=\"Written by\" \/>\n\t<meta name=\"twitter:data1\" content=\"Shqiperia Etnike\" \/>\n\t<meta name=\"twitter:label2\" content=\"Est. reading time\" \/>\n\t<meta name=\"twitter:data2\" content=\"2 minutes\" \/>\n<script type=\"application\/ld+json\" class=\"yoast-schema-graph\">{\"@context\":\"https:\/\/schema.org\",\"@graph\":[{\"@type\":\"Article\",\"@id\":\"https:\/\/shqiperia-etnike.com\/ish-deputeti-spartak-braho-deklaron-belinda-ballukut-si-ben-derman-as-perendia\/#article\",\"isPartOf\":{\"@id\":\"https:\/\/shqiperia-etnike.com\/ish-deputeti-spartak-braho-deklaron-belinda-ballukut-si-ben-derman-as-perendia\/\"},\"author\":{\"name\":\"Shqiperia Etnike\",\"@id\":\"https:\/\/shqiperia-etnike.com\/#\/schema\/person\/0fd1d6077bf90bf4efdc2b515a05c566\"},\"headline\":\"ish-deputeti Spartak Braho deklaron: Belinda Ballukut s\u2019i b\u00ebn derman as per\u00ebndia\",\"datePublished\":\"2026-03-15T07:42:59+00:00\",\"mainEntityOfPage\":{\"@id\":\"https:\/\/shqiperia-etnike.com\/ish-deputeti-spartak-braho-deklaron-belinda-ballukut-si-ben-derman-as-perendia\/\"},\"wordCount\":376,\"commentCount\":0,\"publisher\":{\"@id\":\"https:\/\/shqiperia-etnike.com\/#organization\"},\"image\":{\"@id\":\"https:\/\/shqiperia-etnike.com\/ish-deputeti-spartak-braho-deklaron-belinda-ballukut-si-ben-derman-as-perendia\/#primaryimage\"},\"thumbnailUrl\":\"https:\/\/shqiperia-etnike.com\/wp-content\/uploads\/2026\/03\/1773256170_spartakbraho-750x423-1.jpg\",\"keywords\":[\"Belinda\",\"drejt\u00ebsis\u00eb\",\"Perendia\",\"publik\",\"Rama\"],\"articleSection\":[\"Anti-Mafia\"],\"inLanguage\":\"sq-AL\",\"potentialAction\":[{\"@type\":\"CommentAction\",\"name\":\"Comment\",\"target\":[\"https:\/\/shqiperia-etnike.com\/ish-deputeti-spartak-braho-deklaron-belinda-ballukut-si-ben-derman-as-perendia\/#respond\"]}]},{\"@type\":\"WebPage\",\"@id\":\"https:\/\/shqiperia-etnike.com\/ish-deputeti-spartak-braho-deklaron-belinda-ballukut-si-ben-derman-as-perendia\/\",\"url\":\"https:\/\/shqiperia-etnike.com\/ish-deputeti-spartak-braho-deklaron-belinda-ballukut-si-ben-derman-as-perendia\/\",\"name\":\"ish-deputeti Spartak Braho deklaron: Belinda Ballukut s\u2019i b\u00ebn derman as per\u00ebndia - Shqip\u00ebria Etnike\",\"isPartOf\":{\"@id\":\"https:\/\/shqiperia-etnike.com\/#website\"},\"primaryImageOfPage\":{\"@id\":\"https:\/\/shqiperia-etnike.com\/ish-deputeti-spartak-braho-deklaron-belinda-ballukut-si-ben-derman-as-perendia\/#primaryimage\"},\"image\":{\"@id\":\"https:\/\/shqiperia-etnike.com\/ish-deputeti-spartak-braho-deklaron-belinda-ballukut-si-ben-derman-as-perendia\/#primaryimage\"},\"thumbnailUrl\":\"https:\/\/shqiperia-etnike.com\/wp-content\/uploads\/2026\/03\/1773256170_spartakbraho-750x423-1.jpg\",\"datePublished\":\"2026-03-15T07:42:59+00:00\",\"breadcrumb\":{\"@id\":\"https:\/\/shqiperia-etnike.com\/ish-deputeti-spartak-braho-deklaron-belinda-ballukut-si-ben-derman-as-perendia\/#breadcrumb\"},\"inLanguage\":\"sq-AL\",\"potentialAction\":[{\"@type\":\"ReadAction\",\"target\":[\"https:\/\/shqiperia-etnike.com\/ish-deputeti-spartak-braho-deklaron-belinda-ballukut-si-ben-derman-as-perendia\/\"]}]},{\"@type\":\"ImageObject\",\"inLanguage\":\"sq-AL\",\"@id\":\"https:\/\/shqiperia-etnike.com\/ish-deputeti-spartak-braho-deklaron-belinda-ballukut-si-ben-derman-as-perendia\/#primaryimage\",\"url\":\"https:\/\/shqiperia-etnike.com\/wp-content\/uploads\/2026\/03\/1773256170_spartakbraho-750x423-1.jpg\",\"contentUrl\":\"https:\/\/shqiperia-etnike.com\/wp-content\/uploads\/2026\/03\/1773256170_spartakbraho-750x423-1.jpg\",\"width\":750,\"height\":423},{\"@type\":\"BreadcrumbList\",\"@id\":\"https:\/\/shqiperia-etnike.com\/ish-deputeti-spartak-braho-deklaron-belinda-ballukut-si-ben-derman-as-perendia\/#breadcrumb\",\"itemListElement\":[{\"@type\":\"ListItem\",\"position\":1,\"name\":\"Home\",\"item\":\"https:\/\/shqiperia-etnike.com\/\"},{\"@type\":\"ListItem\",\"position\":2,\"name\":\"ish-deputeti Spartak Braho deklaron: Belinda Ballukut s\u2019i b\u00ebn derman as per\u00ebndia\"}]},{\"@type\":\"WebSite\",\"@id\":\"https:\/\/shqiperia-etnike.com\/#website\",\"url\":\"https:\/\/shqiperia-etnike.com\/\",\"name\":\"Shqip\u00ebria Etnike\",\"description\":\"Gazeta Tradicionale e Veriut\",\"publisher\":{\"@id\":\"https:\/\/shqiperia-etnike.com\/#organization\"},\"potentialAction\":[{\"@type\":\"SearchAction\",\"target\":{\"@type\":\"EntryPoint\",\"urlTemplate\":\"https:\/\/shqiperia-etnike.com\/?s={search_term_string}\"},\"query-input\":{\"@type\":\"PropertyValueSpecification\",\"valueRequired\":true,\"valueName\":\"search_term_string\"}}],\"inLanguage\":\"sq-AL\"},{\"@type\":\"Organization\",\"@id\":\"https:\/\/shqiperia-etnike.com\/#organization\",\"name\":\"Shqip\u00ebria Etnike\",\"url\":\"https:\/\/shqiperia-etnike.com\/\",\"logo\":{\"@type\":\"ImageObject\",\"inLanguage\":\"sq-AL\",\"@id\":\"https:\/\/shqiperia-etnike.com\/#\/schema\/logo\/image\/\",\"url\":\"https:\/\/shqiperia-etnike.com\/wp-content\/uploads\/2022\/05\/shqiperia-etnike-print.jpg\",\"contentUrl\":\"https:\/\/shqiperia-etnike.com\/wp-content\/uploads\/2022\/05\/shqiperia-etnike-print.jpg\",\"width\":600,\"height\":850,\"caption\":\"Shqip\u00ebria Etnike\"},\"image\":{\"@id\":\"https:\/\/shqiperia-etnike.com\/#\/schema\/logo\/image\/\"},\"sameAs\":[\"https:\/\/www.facebook.com\/SqiperiaEtnikeCom\"]},{\"@type\":\"Person\",\"@id\":\"https:\/\/shqiperia-etnike.com\/#\/schema\/person\/0fd1d6077bf90bf4efdc2b515a05c566\",\"name\":\"Shqiperia Etnike\",\"image\":{\"@type\":\"ImageObject\",\"inLanguage\":\"sq-AL\",\"@id\":\"https:\/\/secure.gravatar.com\/avatar\/369d1d5279f7f732a560419d178c5a08d4f0e3ce9ebcd12c874e0463b85c1bc3?s=96&r=g\",\"url\":\"https:\/\/secure.gravatar.com\/avatar\/369d1d5279f7f732a560419d178c5a08d4f0e3ce9ebcd12c874e0463b85c1bc3?s=96&r=g\",\"contentUrl\":\"https:\/\/secure.gravatar.com\/avatar\/369d1d5279f7f732a560419d178c5a08d4f0e3ce9ebcd12c874e0463b85c1bc3?s=96&r=g\",\"caption\":\"Shqiperia Etnike\"},\"description\":\"Admin, Shqip\u00ebria Etnike\",\"sameAs\":[\"https:\/\/shqiperia-etnike.com\/\"],\"url\":\"https:\/\/shqiperia-etnike.com\/author\/shqiperia-etnike\/\"}]}<\/script>\n<!-- \/ Yoast SEO plugin. -->","yoast_head_json":{"title":"ish-deputeti Spartak Braho deklaron: Belinda Ballukut s\u2019i b\u00ebn derman as per\u00ebndia - Shqip\u00ebria Etnike","robots":{"index":"index","follow":"follow","max-snippet":"max-snippet:-1","max-image-preview":"max-image-preview:large","max-video-preview":"max-video-preview:-1"},"canonical":"https:\/\/shqiperia-etnike.com\/ish-deputeti-spartak-braho-deklaron-belinda-ballukut-si-ben-derman-as-perendia\/","og_locale":"sq_AL","og_type":"article","og_title":"ish-deputeti Spartak Braho deklaron: Belinda Ballukut s\u2019i b\u00ebn derman as per\u00ebndia - Shqip\u00ebria Etnike","og_description":"Ish-deputeti socialist, Spartak Braho, thot\u00eb se kryeministri Edi Rama duhej t\u00eb kishte shkarkuar Belinda Ballukun nga posti i z\u00ebvend\u00ebskryeministres dhe ministres s\u00eb Infrastruktur\u00ebs dhe Energjis\u00eb, menj\u00ebher\u00eb pasi SPAK i komunikoi akuz\u00ebn p\u00ebr vepr\u00ebn penale \u201cshkelje e barazis\u00eb n\u00eb tender\u00eb\u201d p\u00ebr tunelin e Llogaras\u00eb. \u201cDuhej, duhej ta kishte shkarkuar. E leht\u00ebsonte. Duhet kuptuar nj\u00eb gj\u00eb. Hiqet [&hellip;]","og_url":"https:\/\/shqiperia-etnike.com\/ish-deputeti-spartak-braho-deklaron-belinda-ballukut-si-ben-derman-as-perendia\/","og_site_name":"Shqip\u00ebria Etnike","article_publisher":"https:\/\/www.facebook.com\/SqiperiaEtnikeCom","article_published_time":"2026-03-15T07:42:59+00:00","og_image":[{"width":750,"height":423,"url":"https:\/\/shqiperia-etnike.com\/wp-content\/uploads\/2026\/03\/1773256170_spartakbraho-750x423-1.jpg","type":"image\/jpeg"}],"author":"Shqiperia Etnike","twitter_card":"summary_large_image","twitter_misc":{"Written by":"Shqiperia Etnike","Est. reading time":"2 minutes"},"schema":{"@context":"https:\/\/schema.org","@graph":[{"@type":"Article","@id":"https:\/\/shqiperia-etnike.com\/ish-deputeti-spartak-braho-deklaron-belinda-ballukut-si-ben-derman-as-perendia\/#article","isPartOf":{"@id":"https:\/\/shqiperia-etnike.com\/ish-deputeti-spartak-braho-deklaron-belinda-ballukut-si-ben-derman-as-perendia\/"},"author":{"name":"Shqiperia Etnike","@id":"https:\/\/shqiperia-etnike.com\/#\/schema\/person\/0fd1d6077bf90bf4efdc2b515a05c566"},"headline":"ish-deputeti Spartak Braho deklaron: Belinda Ballukut s\u2019i b\u00ebn derman as per\u00ebndia","datePublished":"2026-03-15T07:42:59+00:00","mainEntityOfPage":{"@id":"https:\/\/shqiperia-etnike.com\/ish-deputeti-spartak-braho-deklaron-belinda-ballukut-si-ben-derman-as-perendia\/"},"wordCount":376,"commentCount":0,"publisher":{"@id":"https:\/\/shqiperia-etnike.com\/#organization"},"image":{"@id":"https:\/\/shqiperia-etnike.com\/ish-deputeti-spartak-braho-deklaron-belinda-ballukut-si-ben-derman-as-perendia\/#primaryimage"},"thumbnailUrl":"https:\/\/shqiperia-etnike.com\/wp-content\/uploads\/2026\/03\/1773256170_spartakbraho-750x423-1.jpg","keywords":["Belinda","drejt\u00ebsis\u00eb","Perendia","publik","Rama"],"articleSection":["Anti-Mafia"],"inLanguage":"sq-AL","potentialAction":[{"@type":"CommentAction","name":"Comment","target":["https:\/\/shqiperia-etnike.com\/ish-deputeti-spartak-braho-deklaron-belinda-ballukut-si-ben-derman-as-perendia\/#respond"]}]},{"@type":"WebPage","@id":"https:\/\/shqiperia-etnike.com\/ish-deputeti-spartak-braho-deklaron-belinda-ballukut-si-ben-derman-as-perendia\/","url":"https:\/\/shqiperia-etnike.com\/ish-deputeti-spartak-braho-deklaron-belinda-ballukut-si-ben-derman-as-perendia\/","name":"ish-deputeti Spartak Braho deklaron: Belinda Ballukut s\u2019i b\u00ebn derman as per\u00ebndia - Shqip\u00ebria Etnike","isPartOf":{"@id":"https:\/\/shqiperia-etnike.com\/#website"},"primaryImageOfPage":{"@id":"https:\/\/shqiperia-etnike.com\/ish-deputeti-spartak-braho-deklaron-belinda-ballukut-si-ben-derman-as-perendia\/#primaryimage"},"image":{"@id":"https:\/\/shqiperia-etnike.com\/ish-deputeti-spartak-braho-deklaron-belinda-ballukut-si-ben-derman-as-perendia\/#primaryimage"},"thumbnailUrl":"https:\/\/shqiperia-etnike.com\/wp-content\/uploads\/2026\/03\/1773256170_spartakbraho-750x423-1.jpg","datePublished":"2026-03-15T07:42:59+00:00","breadcrumb":{"@id":"https:\/\/shqiperia-etnike.com\/ish-deputeti-spartak-braho-deklaron-belinda-ballukut-si-ben-derman-as-perendia\/#breadcrumb"},"inLanguage":"sq-AL","potentialAction":[{"@type":"ReadAction","target":["https:\/\/shqiperia-etnike.com\/ish-deputeti-spartak-braho-deklaron-belinda-ballukut-si-ben-derman-as-perendia\/"]}]},{"@type":"ImageObject","inLanguage":"sq-AL","@id":"https:\/\/shqiperia-etnike.com\/ish-deputeti-spartak-braho-deklaron-belinda-ballukut-si-ben-derman-as-perendia\/#primaryimage","url":"https:\/\/shqiperia-etnike.com\/wp-content\/uploads\/2026\/03\/1773256170_spartakbraho-750x423-1.jpg","contentUrl":"https:\/\/shqiperia-etnike.com\/wp-content\/uploads\/2026\/03\/1773256170_spartakbraho-750x423-1.jpg","width":750,"height":423},{"@type":"BreadcrumbList","@id":"https:\/\/shqiperia-etnike.com\/ish-deputeti-spartak-braho-deklaron-belinda-ballukut-si-ben-derman-as-perendia\/#breadcrumb","itemListElement":[{"@type":"ListItem","position":1,"name":"Home","item":"https:\/\/shqiperia-etnike.com\/"},{"@type":"ListItem","position":2,"name":"ish-deputeti Spartak Braho deklaron: Belinda Ballukut s\u2019i b\u00ebn derman as per\u00ebndia"}]},{"@type":"WebSite","@id":"https:\/\/shqiperia-etnike.com\/#website","url":"https:\/\/shqiperia-etnike.com\/","name":"Shqip\u00ebria Etnike","description":"Gazeta Tradicionale e Veriut","publisher":{"@id":"https:\/\/shqiperia-etnike.com\/#organization"},"potentialAction":[{"@type":"SearchAction","target":{"@type":"EntryPoint","urlTemplate":"https:\/\/shqiperia-etnike.com\/?s={search_term_string}"},"query-input":{"@type":"PropertyValueSpecification","valueRequired":true,"valueName":"search_term_string"}}],"inLanguage":"sq-AL"},{"@type":"Organization","@id":"https:\/\/shqiperia-etnike.com\/#organization","name":"Shqip\u00ebria Etnike","url":"https:\/\/shqiperia-etnike.com\/","logo":{"@type":"ImageObject","inLanguage":"sq-AL","@id":"https:\/\/shqiperia-etnike.com\/#\/schema\/logo\/image\/","url":"https:\/\/shqiperia-etnike.com\/wp-content\/uploads\/2022\/05\/shqiperia-etnike-print.jpg","contentUrl":"https:\/\/shqiperia-etnike.com\/wp-content\/uploads\/2022\/05\/shqiperia-etnike-print.jpg","width":600,"height":850,"caption":"Shqip\u00ebria Etnike"},"image":{"@id":"https:\/\/shqiperia-etnike.com\/#\/schema\/logo\/image\/"},"sameAs":["https:\/\/www.facebook.com\/SqiperiaEtnikeCom"]},{"@type":"Person","@id":"https:\/\/shqiperia-etnike.com\/#\/schema\/person\/0fd1d6077bf90bf4efdc2b515a05c566","name":"Shqiperia Etnike","image":{"@type":"ImageObject","inLanguage":"sq-AL","@id":"https:\/\/secure.gravatar.com\/avatar\/369d1d5279f7f732a560419d178c5a08d4f0e3ce9ebcd12c874e0463b85c1bc3?s=96&r=g","url":"https:\/\/secure.gravatar.com\/avatar\/369d1d5279f7f732a560419d178c5a08d4f0e3ce9ebcd12c874e0463b85c1bc3?s=96&r=g","contentUrl":"https:\/\/secure.gravatar.com\/avatar\/369d1d5279f7f732a560419d178c5a08d4f0e3ce9ebcd12c874e0463b85c1bc3?s=96&r=g","caption":"Shqiperia Etnike"},"description":"Admin, Shqip\u00ebria Etnike","sameAs":["https:\/\/shqiperia-etnike.com\/"],"url":"https:\/\/shqiperia-etnike.com\/author\/shqiperia-etnike\/"}]}},"_links":{"self":[{"href":"https:\/\/shqiperia-etnike.com\/wp-json\/wp\/v2\/posts\/33738","targetHints":{"allow":["GET"]}}],"collection":[{"href":"https:\/\/shqiperia-etnike.com\/wp-json\/wp\/v2\/posts"}],"about":[{"href":"https:\/\/shqiperia-etnike.com\/wp-json\/wp\/v2\/types\/post"}],"author":[{"embeddable":true,"href":"https:\/\/shqiperia-etnike.com\/wp-json\/wp\/v2\/users\/2"}],"replies":[{"embeddable":true,"href":"https:\/\/shqiperia-etnike.com\/wp-json\/wp\/v2\/comments?post=33738"}],"version-history":[{"count":1,"href":"https:\/\/shqiperia-etnike.com\/wp-json\/wp\/v2\/posts\/33738\/revisions"}],"predecessor-version":[{"id":33740,"href":"https:\/\/shqiperia-etnike.com\/wp-json\/wp\/v2\/posts\/33738\/revisions\/33740"}],"wp:featuredmedia":[{"embeddable":true,"href":"https:\/\/shqiperia-etnike.com\/wp-json\/wp\/v2\/media\/33739"}],"wp:attachment":[{"href":"https:\/\/shqiperia-etnike.com\/wp-json\/wp\/v2\/media?parent=33738"}],"wp:term":[{"taxonomy":"category","embeddable":true,"href":"https:\/\/shqiperia-etnike.com\/wp-json\/wp\/v2\/categories?post=33738"},{"taxonomy":"post_tag","embeddable":true,"href":"https:\/\/shqiperia-etnike.com\/wp-json\/wp\/v2\/tags?post=33738"}],"curies":[{"name":"wp","href":"https:\/\/api.w.org\/{rel}","templated":true}]}}