{"id":33770,"date":"2026-03-16T14:32:28","date_gmt":"2026-03-16T12:32:28","guid":{"rendered":"https:\/\/shqiperia-etnike.com\/?p=33770"},"modified":"2026-03-16T14:33:10","modified_gmt":"2026-03-16T12:33:10","slug":"the-sun-udheheqesi-i-ri-i-iranit-mojtaba-khamenei-mbahet-ne-jete-nga-aparaturat","status":"publish","type":"post","link":"https:\/\/shqiperia-etnike.com\/the-sun-udheheqesi-i-ri-i-iranit-mojtaba-khamenei-mbahet-ne-jete-nga-aparaturat\/","title":{"rendered":"&#8220;The Sun&#8221;: Udh\u00ebheq\u00ebsi i ri i Iranit Mojtaba Khamenei mbahet n\u00eb jet\u00eb nga aparaturat"},"content":{"rendered":"<p>Gazeta britanike &#8220;The Sun&#8221; shkruan se udh\u00ebheq\u00ebsi i ri i Iranit, Mojtaba Khamenei, ndodhet n\u00eb gjendje shum\u00eb t\u00eb r\u00ebnd\u00eb sh\u00ebndet\u00ebsore pas plagosjes n\u00eb nj\u00eb sulm ajror. Burime t\u00eb lidhura me spitalin ku ai po trajtohet pretendojn\u00eb se 56-vje\u00e7ari mbahet n\u00eb jet\u00eb me aparatura n\u00eb nj\u00ebsin\u00eb e kujdesit intensiv dhe nuk mund t\u00eb marr\u00eb frym\u00eb pa ventilim artificial.<\/p>\n<p>I nj\u00ebjti burim kishte raportuar m\u00eb her\u00ebt se Khamenei ndodhej n\u00eb gjendje kome, kishte humbur t\u00eb pakt\u00ebn nj\u00eb k\u00ebmb\u00eb dhe kishte p\u00ebsuar d\u00ebmtime t\u00eb r\u00ebnda n\u00eb zon\u00ebn e barkut dhe m\u00ebl\u00e7is\u00eb. Sipas p\u00ebrdit\u00ebsimit m\u00eb t\u00eb fundit, funksionet e zemr\u00ebs dhe mushk\u00ebrive mbahen aktive vet\u00ebm p\u00ebrmes pajisjeve t\u00eb mb\u00ebshtetjes jet\u00ebsore.<\/p>\n<p>Mojtaba Khamenei besohet se \u00ebsht\u00eb plagosur r\u00ebnd\u00eb n\u00eb t\u00eb nj\u00ebjtin sulm ku, sipas k\u00ebtyre raportimeve, u vra edhe babai i tij, udh\u00ebheq\u00ebsi suprem Ali Khamenei, si dhe disa an\u00ebtar\u00eb t\u00eb familjes s\u00eb tij.<\/p>\n<p>Burime t\u00eb tjera thon\u00eb p\u00ebr &#8220;The Sun&#8221; se ai nuk po ushtron kontroll t\u00eb p\u00ebrditsh\u00ebm mbi vendin dhe se operacionet ushtarake drejtohen kryesisht nga Trupat e Gard\u00ebs Revolucionare Islamike (IRGC). K\u00ebto struktura vazhdojn\u00eb t\u00eb l\u00ebshojn\u00eb dron\u00eb dhe raketa n\u00eb rajon, nd\u00ebrsa konflikti i nisur n\u00eb fund t\u00eb shkurtit vazhdon t\u00eb p\u00ebrshkall\u00ebzohet.<\/p>\n<p>Mediat shtet\u00ebrore iraniane e kan\u00eb p\u00ebrmendur Khamenein me termin \u201cJaanbaz i Ramazanit\u201d, q\u00eb p\u00ebrkthehet si \u201cveteran i plagosur i luft\u00ebs\u201d. Ai nuk \u00ebsht\u00eb shfaqur publikisht q\u00eb nga shpallja si udh\u00ebheq\u00ebs suprem dhe nj\u00eb deklarat\u00eb e publikuar n\u00eb em\u00ebr t\u00eb tij \u00ebsht\u00eb lexuar n\u00eb televizionin shtet\u00ebror nga nj\u00eb prezantuese.<\/p>\n<p>Sipas burimeve t\u00eb cituara nga gazeta britanike, siguria mbetet shum\u00eb e lart\u00eb n\u00eb Spitalin Universitar Sina n\u00eb Teheran, ku nj\u00eb pjes\u00eb e nd\u00ebrtes\u00ebs \u00ebsht\u00eb izoluar dhe ruhet nga forca sigurie. Trajtimi i tij thuhet se drejtohet nga ministri iranian i Sh\u00ebndet\u00ebsis\u00eb dhe kirurgu i traum\u00ebs Mohammad Reza Zafargjani.<\/p>\n<p>Analist\u00eb dhe burime iraniane t\u00eb cituara nga The Sun thon\u00eb se struktura e komand\u00ebs s\u00eb krijuar m\u00eb par\u00eb nga Ali Khamenei i ka dh\u00ebn\u00eb Gard\u00ebs Revolucionare kontroll t\u00eb decentralizuar mbi operacionet ushtarake p\u00ebrmes komandave rajonale, t\u00eb cilat aktualisht po drejtojn\u00eb veprimet e luft\u00ebs.<\/p>\n","protected":false},"excerpt":{"rendered":"<p>Gazeta britanike &#8220;The Sun&#8221; shkruan se udh\u00ebheq\u00ebsi i ri i Iranit, Mojtaba Khamenei, ndodhet n\u00eb gjendje shum\u00eb t\u00eb r\u00ebnd\u00eb sh\u00ebndet\u00ebsore pas plagosjes n\u00eb nj\u00eb sulm ajror. Burime t\u00eb lidhura me spitalin ku ai po trajtohet pretendojn\u00eb se 56-vje\u00e7ari mbahet n\u00eb jet\u00eb me aparatura n\u00eb nj\u00ebsin\u00eb e kujdesit intensiv dhe nuk mund t\u00eb marr\u00eb frym\u00eb pa [&hellip;]<\/p>\n","protected":false},"author":2,"featured_media":33771,"comment_status":"open","ping_status":"closed","sticky":false,"template":"","format":"standard","meta":{"footnotes":""},"categories":[18],"tags":[7172,7173,3147,338,1145,3931,845],"class_list":{"0":"post-33770","1":"post","2":"type-post","3":"status-publish","4":"format-standard","5":"has-post-thumbnail","7":"category-bota","8":"tag-aparaturat","9":"tag-cituara","10":"tag-iranit","11":"tag-jete","12":"tag-luftes","13":"tag-pjese","14":"tag-udheheqesi"},"yoast_head":"<!-- This site is optimized with the Yoast SEO plugin v27.2 - https:\/\/yoast.com\/product\/yoast-seo-wordpress\/ -->\n<title>&quot;The Sun&quot;: Udh\u00ebheq\u00ebsi i ri i Iranit Mojtaba Khamenei mbahet n\u00eb jet\u00eb nga aparaturat - Shqip\u00ebria Etnike<\/title>\n<meta name=\"robots\" content=\"index, follow, max-snippet:-1, max-image-preview:large, max-video-preview:-1\" \/>\n<link rel=\"canonical\" href=\"https:\/\/shqiperia-etnike.com\/the-sun-udheheqesi-i-ri-i-iranit-mojtaba-khamenei-mbahet-ne-jete-nga-aparaturat\/\" \/>\n<meta property=\"og:locale\" content=\"sq_AL\" \/>\n<meta property=\"og:type\" content=\"article\" \/>\n<meta property=\"og:title\" content=\"&quot;The Sun&quot;: Udh\u00ebheq\u00ebsi i ri i Iranit Mojtaba Khamenei mbahet n\u00eb jet\u00eb nga aparaturat - Shqip\u00ebria Etnike\" \/>\n<meta property=\"og:description\" content=\"Gazeta britanike &#8220;The Sun&#8221; shkruan se udh\u00ebheq\u00ebsi i ri i Iranit, Mojtaba Khamenei, ndodhet n\u00eb gjendje shum\u00eb t\u00eb r\u00ebnd\u00eb sh\u00ebndet\u00ebsore pas plagosjes n\u00eb nj\u00eb sulm ajror. Burime t\u00eb lidhura me spitalin ku ai po trajtohet pretendojn\u00eb se 56-vje\u00e7ari mbahet n\u00eb jet\u00eb me aparatura n\u00eb nj\u00ebsin\u00eb e kujdesit intensiv dhe nuk mund t\u00eb marr\u00eb frym\u00eb pa [&hellip;]\" \/>\n<meta property=\"og:url\" content=\"https:\/\/shqiperia-etnike.com\/the-sun-udheheqesi-i-ri-i-iranit-mojtaba-khamenei-mbahet-ne-jete-nga-aparaturat\/\" \/>\n<meta property=\"og:site_name\" content=\"Shqip\u00ebria Etnike\" \/>\n<meta property=\"article:publisher\" content=\"https:\/\/www.facebook.com\/SqiperiaEtnikeCom\" \/>\n<meta property=\"article:published_time\" content=\"2026-03-16T12:32:28+00:00\" \/>\n<meta property=\"article:modified_time\" content=\"2026-03-16T12:33:10+00:00\" \/>\n<meta property=\"og:image\" content=\"https:\/\/shqiperia-etnike.com\/wp-content\/uploads\/2026\/03\/900-0-1773663879xdownload-665.jpg\" \/>\n\t<meta property=\"og:image:width\" content=\"900\" \/>\n\t<meta property=\"og:image:height\" content=\"600\" \/>\n\t<meta property=\"og:image:type\" content=\"image\/jpeg\" \/>\n<meta name=\"author\" content=\"Shqiperia Etnike\" \/>\n<meta name=\"twitter:card\" content=\"summary_large_image\" \/>\n<meta name=\"twitter:label1\" content=\"Written by\" \/>\n\t<meta name=\"twitter:data1\" content=\"Shqiperia Etnike\" \/>\n\t<meta name=\"twitter:label2\" content=\"Est. reading time\" \/>\n\t<meta name=\"twitter:data2\" content=\"2 minutes\" \/>\n<script type=\"application\/ld+json\" class=\"yoast-schema-graph\">{\"@context\":\"https:\/\/schema.org\",\"@graph\":[{\"@type\":\"Article\",\"@id\":\"https:\/\/shqiperia-etnike.com\/the-sun-udheheqesi-i-ri-i-iranit-mojtaba-khamenei-mbahet-ne-jete-nga-aparaturat\/#article\",\"isPartOf\":{\"@id\":\"https:\/\/shqiperia-etnike.com\/the-sun-udheheqesi-i-ri-i-iranit-mojtaba-khamenei-mbahet-ne-jete-nga-aparaturat\/\"},\"author\":{\"name\":\"Shqiperia Etnike\",\"@id\":\"https:\/\/shqiperia-etnike.com\/#\/schema\/person\/0fd1d6077bf90bf4efdc2b515a05c566\"},\"headline\":\"&#8220;The Sun&#8221;: Udh\u00ebheq\u00ebsi i ri i Iranit Mojtaba Khamenei mbahet n\u00eb jet\u00eb nga aparaturat\",\"datePublished\":\"2026-03-16T12:32:28+00:00\",\"dateModified\":\"2026-03-16T12:33:10+00:00\",\"mainEntityOfPage\":{\"@id\":\"https:\/\/shqiperia-etnike.com\/the-sun-udheheqesi-i-ri-i-iranit-mojtaba-khamenei-mbahet-ne-jete-nga-aparaturat\/\"},\"wordCount\":403,\"commentCount\":0,\"publisher\":{\"@id\":\"https:\/\/shqiperia-etnike.com\/#organization\"},\"image\":{\"@id\":\"https:\/\/shqiperia-etnike.com\/the-sun-udheheqesi-i-ri-i-iranit-mojtaba-khamenei-mbahet-ne-jete-nga-aparaturat\/#primaryimage\"},\"thumbnailUrl\":\"https:\/\/shqiperia-etnike.com\/wp-content\/uploads\/2026\/03\/900-0-1773663879xdownload-665.jpg\",\"keywords\":[\"aparaturat\",\"cituara\",\"Iranit\",\"jet\u00eb\",\"luft\u00ebs\",\"pjes\u00eb\",\"udh\u00ebheq\u00ebsi\"],\"articleSection\":[\"Bota\"],\"inLanguage\":\"sq-AL\",\"potentialAction\":[{\"@type\":\"CommentAction\",\"name\":\"Comment\",\"target\":[\"https:\/\/shqiperia-etnike.com\/the-sun-udheheqesi-i-ri-i-iranit-mojtaba-khamenei-mbahet-ne-jete-nga-aparaturat\/#respond\"]}]},{\"@type\":\"WebPage\",\"@id\":\"https:\/\/shqiperia-etnike.com\/the-sun-udheheqesi-i-ri-i-iranit-mojtaba-khamenei-mbahet-ne-jete-nga-aparaturat\/\",\"url\":\"https:\/\/shqiperia-etnike.com\/the-sun-udheheqesi-i-ri-i-iranit-mojtaba-khamenei-mbahet-ne-jete-nga-aparaturat\/\",\"name\":\"\\\"The Sun\\\": Udh\u00ebheq\u00ebsi i ri i Iranit Mojtaba Khamenei mbahet n\u00eb jet\u00eb nga aparaturat - Shqip\u00ebria Etnike\",\"isPartOf\":{\"@id\":\"https:\/\/shqiperia-etnike.com\/#website\"},\"primaryImageOfPage\":{\"@id\":\"https:\/\/shqiperia-etnike.com\/the-sun-udheheqesi-i-ri-i-iranit-mojtaba-khamenei-mbahet-ne-jete-nga-aparaturat\/#primaryimage\"},\"image\":{\"@id\":\"https:\/\/shqiperia-etnike.com\/the-sun-udheheqesi-i-ri-i-iranit-mojtaba-khamenei-mbahet-ne-jete-nga-aparaturat\/#primaryimage\"},\"thumbnailUrl\":\"https:\/\/shqiperia-etnike.com\/wp-content\/uploads\/2026\/03\/900-0-1773663879xdownload-665.jpg\",\"datePublished\":\"2026-03-16T12:32:28+00:00\",\"dateModified\":\"2026-03-16T12:33:10+00:00\",\"breadcrumb\":{\"@id\":\"https:\/\/shqiperia-etnike.com\/the-sun-udheheqesi-i-ri-i-iranit-mojtaba-khamenei-mbahet-ne-jete-nga-aparaturat\/#breadcrumb\"},\"inLanguage\":\"sq-AL\",\"potentialAction\":[{\"@type\":\"ReadAction\",\"target\":[\"https:\/\/shqiperia-etnike.com\/the-sun-udheheqesi-i-ri-i-iranit-mojtaba-khamenei-mbahet-ne-jete-nga-aparaturat\/\"]}]},{\"@type\":\"ImageObject\",\"inLanguage\":\"sq-AL\",\"@id\":\"https:\/\/shqiperia-etnike.com\/the-sun-udheheqesi-i-ri-i-iranit-mojtaba-khamenei-mbahet-ne-jete-nga-aparaturat\/#primaryimage\",\"url\":\"https:\/\/shqiperia-etnike.com\/wp-content\/uploads\/2026\/03\/900-0-1773663879xdownload-665.jpg\",\"contentUrl\":\"https:\/\/shqiperia-etnike.com\/wp-content\/uploads\/2026\/03\/900-0-1773663879xdownload-665.jpg\",\"width\":900,\"height\":600},{\"@type\":\"BreadcrumbList\",\"@id\":\"https:\/\/shqiperia-etnike.com\/the-sun-udheheqesi-i-ri-i-iranit-mojtaba-khamenei-mbahet-ne-jete-nga-aparaturat\/#breadcrumb\",\"itemListElement\":[{\"@type\":\"ListItem\",\"position\":1,\"name\":\"Home\",\"item\":\"https:\/\/shqiperia-etnike.com\/\"},{\"@type\":\"ListItem\",\"position\":2,\"name\":\"&#8220;The Sun&#8221;: Udh\u00ebheq\u00ebsi i ri i Iranit Mojtaba Khamenei mbahet n\u00eb jet\u00eb nga aparaturat\"}]},{\"@type\":\"WebSite\",\"@id\":\"https:\/\/shqiperia-etnike.com\/#website\",\"url\":\"https:\/\/shqiperia-etnike.com\/\",\"name\":\"Shqip\u00ebria Etnike\",\"description\":\"Gazeta Tradicionale e Veriut\",\"publisher\":{\"@id\":\"https:\/\/shqiperia-etnike.com\/#organization\"},\"potentialAction\":[{\"@type\":\"SearchAction\",\"target\":{\"@type\":\"EntryPoint\",\"urlTemplate\":\"https:\/\/shqiperia-etnike.com\/?s={search_term_string}\"},\"query-input\":{\"@type\":\"PropertyValueSpecification\",\"valueRequired\":true,\"valueName\":\"search_term_string\"}}],\"inLanguage\":\"sq-AL\"},{\"@type\":\"Organization\",\"@id\":\"https:\/\/shqiperia-etnike.com\/#organization\",\"name\":\"Shqip\u00ebria Etnike\",\"url\":\"https:\/\/shqiperia-etnike.com\/\",\"logo\":{\"@type\":\"ImageObject\",\"inLanguage\":\"sq-AL\",\"@id\":\"https:\/\/shqiperia-etnike.com\/#\/schema\/logo\/image\/\",\"url\":\"https:\/\/shqiperia-etnike.com\/wp-content\/uploads\/2022\/05\/shqiperia-etnike-print.jpg\",\"contentUrl\":\"https:\/\/shqiperia-etnike.com\/wp-content\/uploads\/2022\/05\/shqiperia-etnike-print.jpg\",\"width\":600,\"height\":850,\"caption\":\"Shqip\u00ebria Etnike\"},\"image\":{\"@id\":\"https:\/\/shqiperia-etnike.com\/#\/schema\/logo\/image\/\"},\"sameAs\":[\"https:\/\/www.facebook.com\/SqiperiaEtnikeCom\"]},{\"@type\":\"Person\",\"@id\":\"https:\/\/shqiperia-etnike.com\/#\/schema\/person\/0fd1d6077bf90bf4efdc2b515a05c566\",\"name\":\"Shqiperia Etnike\",\"image\":{\"@type\":\"ImageObject\",\"inLanguage\":\"sq-AL\",\"@id\":\"https:\/\/secure.gravatar.com\/avatar\/369d1d5279f7f732a560419d178c5a08d4f0e3ce9ebcd12c874e0463b85c1bc3?s=96&r=g\",\"url\":\"https:\/\/secure.gravatar.com\/avatar\/369d1d5279f7f732a560419d178c5a08d4f0e3ce9ebcd12c874e0463b85c1bc3?s=96&r=g\",\"contentUrl\":\"https:\/\/secure.gravatar.com\/avatar\/369d1d5279f7f732a560419d178c5a08d4f0e3ce9ebcd12c874e0463b85c1bc3?s=96&r=g\",\"caption\":\"Shqiperia Etnike\"},\"description\":\"Admin, Shqip\u00ebria Etnike\",\"sameAs\":[\"https:\/\/shqiperia-etnike.com\/\"],\"url\":\"https:\/\/shqiperia-etnike.com\/author\/shqiperia-etnike\/\"}]}<\/script>\n<!-- \/ Yoast SEO plugin. -->","yoast_head_json":{"title":"\"The Sun\": Udh\u00ebheq\u00ebsi i ri i Iranit Mojtaba Khamenei mbahet n\u00eb jet\u00eb nga aparaturat - Shqip\u00ebria Etnike","robots":{"index":"index","follow":"follow","max-snippet":"max-snippet:-1","max-image-preview":"max-image-preview:large","max-video-preview":"max-video-preview:-1"},"canonical":"https:\/\/shqiperia-etnike.com\/the-sun-udheheqesi-i-ri-i-iranit-mojtaba-khamenei-mbahet-ne-jete-nga-aparaturat\/","og_locale":"sq_AL","og_type":"article","og_title":"\"The Sun\": Udh\u00ebheq\u00ebsi i ri i Iranit Mojtaba Khamenei mbahet n\u00eb jet\u00eb nga aparaturat - Shqip\u00ebria Etnike","og_description":"Gazeta britanike &#8220;The Sun&#8221; shkruan se udh\u00ebheq\u00ebsi i ri i Iranit, Mojtaba Khamenei, ndodhet n\u00eb gjendje shum\u00eb t\u00eb r\u00ebnd\u00eb sh\u00ebndet\u00ebsore pas plagosjes n\u00eb nj\u00eb sulm ajror. Burime t\u00eb lidhura me spitalin ku ai po trajtohet pretendojn\u00eb se 56-vje\u00e7ari mbahet n\u00eb jet\u00eb me aparatura n\u00eb nj\u00ebsin\u00eb e kujdesit intensiv dhe nuk mund t\u00eb marr\u00eb frym\u00eb pa [&hellip;]","og_url":"https:\/\/shqiperia-etnike.com\/the-sun-udheheqesi-i-ri-i-iranit-mojtaba-khamenei-mbahet-ne-jete-nga-aparaturat\/","og_site_name":"Shqip\u00ebria Etnike","article_publisher":"https:\/\/www.facebook.com\/SqiperiaEtnikeCom","article_published_time":"2026-03-16T12:32:28+00:00","article_modified_time":"2026-03-16T12:33:10+00:00","og_image":[{"width":900,"height":600,"url":"https:\/\/shqiperia-etnike.com\/wp-content\/uploads\/2026\/03\/900-0-1773663879xdownload-665.jpg","type":"image\/jpeg"}],"author":"Shqiperia Etnike","twitter_card":"summary_large_image","twitter_misc":{"Written by":"Shqiperia Etnike","Est. reading time":"2 minutes"},"schema":{"@context":"https:\/\/schema.org","@graph":[{"@type":"Article","@id":"https:\/\/shqiperia-etnike.com\/the-sun-udheheqesi-i-ri-i-iranit-mojtaba-khamenei-mbahet-ne-jete-nga-aparaturat\/#article","isPartOf":{"@id":"https:\/\/shqiperia-etnike.com\/the-sun-udheheqesi-i-ri-i-iranit-mojtaba-khamenei-mbahet-ne-jete-nga-aparaturat\/"},"author":{"name":"Shqiperia Etnike","@id":"https:\/\/shqiperia-etnike.com\/#\/schema\/person\/0fd1d6077bf90bf4efdc2b515a05c566"},"headline":"&#8220;The Sun&#8221;: Udh\u00ebheq\u00ebsi i ri i Iranit Mojtaba Khamenei mbahet n\u00eb jet\u00eb nga aparaturat","datePublished":"2026-03-16T12:32:28+00:00","dateModified":"2026-03-16T12:33:10+00:00","mainEntityOfPage":{"@id":"https:\/\/shqiperia-etnike.com\/the-sun-udheheqesi-i-ri-i-iranit-mojtaba-khamenei-mbahet-ne-jete-nga-aparaturat\/"},"wordCount":403,"commentCount":0,"publisher":{"@id":"https:\/\/shqiperia-etnike.com\/#organization"},"image":{"@id":"https:\/\/shqiperia-etnike.com\/the-sun-udheheqesi-i-ri-i-iranit-mojtaba-khamenei-mbahet-ne-jete-nga-aparaturat\/#primaryimage"},"thumbnailUrl":"https:\/\/shqiperia-etnike.com\/wp-content\/uploads\/2026\/03\/900-0-1773663879xdownload-665.jpg","keywords":["aparaturat","cituara","Iranit","jet\u00eb","luft\u00ebs","pjes\u00eb","udh\u00ebheq\u00ebsi"],"articleSection":["Bota"],"inLanguage":"sq-AL","potentialAction":[{"@type":"CommentAction","name":"Comment","target":["https:\/\/shqiperia-etnike.com\/the-sun-udheheqesi-i-ri-i-iranit-mojtaba-khamenei-mbahet-ne-jete-nga-aparaturat\/#respond"]}]},{"@type":"WebPage","@id":"https:\/\/shqiperia-etnike.com\/the-sun-udheheqesi-i-ri-i-iranit-mojtaba-khamenei-mbahet-ne-jete-nga-aparaturat\/","url":"https:\/\/shqiperia-etnike.com\/the-sun-udheheqesi-i-ri-i-iranit-mojtaba-khamenei-mbahet-ne-jete-nga-aparaturat\/","name":"\"The Sun\": Udh\u00ebheq\u00ebsi i ri i Iranit Mojtaba Khamenei mbahet n\u00eb jet\u00eb nga aparaturat - Shqip\u00ebria Etnike","isPartOf":{"@id":"https:\/\/shqiperia-etnike.com\/#website"},"primaryImageOfPage":{"@id":"https:\/\/shqiperia-etnike.com\/the-sun-udheheqesi-i-ri-i-iranit-mojtaba-khamenei-mbahet-ne-jete-nga-aparaturat\/#primaryimage"},"image":{"@id":"https:\/\/shqiperia-etnike.com\/the-sun-udheheqesi-i-ri-i-iranit-mojtaba-khamenei-mbahet-ne-jete-nga-aparaturat\/#primaryimage"},"thumbnailUrl":"https:\/\/shqiperia-etnike.com\/wp-content\/uploads\/2026\/03\/900-0-1773663879xdownload-665.jpg","datePublished":"2026-03-16T12:32:28+00:00","dateModified":"2026-03-16T12:33:10+00:00","breadcrumb":{"@id":"https:\/\/shqiperia-etnike.com\/the-sun-udheheqesi-i-ri-i-iranit-mojtaba-khamenei-mbahet-ne-jete-nga-aparaturat\/#breadcrumb"},"inLanguage":"sq-AL","potentialAction":[{"@type":"ReadAction","target":["https:\/\/shqiperia-etnike.com\/the-sun-udheheqesi-i-ri-i-iranit-mojtaba-khamenei-mbahet-ne-jete-nga-aparaturat\/"]}]},{"@type":"ImageObject","inLanguage":"sq-AL","@id":"https:\/\/shqiperia-etnike.com\/the-sun-udheheqesi-i-ri-i-iranit-mojtaba-khamenei-mbahet-ne-jete-nga-aparaturat\/#primaryimage","url":"https:\/\/shqiperia-etnike.com\/wp-content\/uploads\/2026\/03\/900-0-1773663879xdownload-665.jpg","contentUrl":"https:\/\/shqiperia-etnike.com\/wp-content\/uploads\/2026\/03\/900-0-1773663879xdownload-665.jpg","width":900,"height":600},{"@type":"BreadcrumbList","@id":"https:\/\/shqiperia-etnike.com\/the-sun-udheheqesi-i-ri-i-iranit-mojtaba-khamenei-mbahet-ne-jete-nga-aparaturat\/#breadcrumb","itemListElement":[{"@type":"ListItem","position":1,"name":"Home","item":"https:\/\/shqiperia-etnike.com\/"},{"@type":"ListItem","position":2,"name":"&#8220;The Sun&#8221;: Udh\u00ebheq\u00ebsi i ri i Iranit Mojtaba Khamenei mbahet n\u00eb jet\u00eb nga aparaturat"}]},{"@type":"WebSite","@id":"https:\/\/shqiperia-etnike.com\/#website","url":"https:\/\/shqiperia-etnike.com\/","name":"Shqip\u00ebria Etnike","description":"Gazeta Tradicionale e Veriut","publisher":{"@id":"https:\/\/shqiperia-etnike.com\/#organization"},"potentialAction":[{"@type":"SearchAction","target":{"@type":"EntryPoint","urlTemplate":"https:\/\/shqiperia-etnike.com\/?s={search_term_string}"},"query-input":{"@type":"PropertyValueSpecification","valueRequired":true,"valueName":"search_term_string"}}],"inLanguage":"sq-AL"},{"@type":"Organization","@id":"https:\/\/shqiperia-etnike.com\/#organization","name":"Shqip\u00ebria Etnike","url":"https:\/\/shqiperia-etnike.com\/","logo":{"@type":"ImageObject","inLanguage":"sq-AL","@id":"https:\/\/shqiperia-etnike.com\/#\/schema\/logo\/image\/","url":"https:\/\/shqiperia-etnike.com\/wp-content\/uploads\/2022\/05\/shqiperia-etnike-print.jpg","contentUrl":"https:\/\/shqiperia-etnike.com\/wp-content\/uploads\/2022\/05\/shqiperia-etnike-print.jpg","width":600,"height":850,"caption":"Shqip\u00ebria Etnike"},"image":{"@id":"https:\/\/shqiperia-etnike.com\/#\/schema\/logo\/image\/"},"sameAs":["https:\/\/www.facebook.com\/SqiperiaEtnikeCom"]},{"@type":"Person","@id":"https:\/\/shqiperia-etnike.com\/#\/schema\/person\/0fd1d6077bf90bf4efdc2b515a05c566","name":"Shqiperia Etnike","image":{"@type":"ImageObject","inLanguage":"sq-AL","@id":"https:\/\/secure.gravatar.com\/avatar\/369d1d5279f7f732a560419d178c5a08d4f0e3ce9ebcd12c874e0463b85c1bc3?s=96&r=g","url":"https:\/\/secure.gravatar.com\/avatar\/369d1d5279f7f732a560419d178c5a08d4f0e3ce9ebcd12c874e0463b85c1bc3?s=96&r=g","contentUrl":"https:\/\/secure.gravatar.com\/avatar\/369d1d5279f7f732a560419d178c5a08d4f0e3ce9ebcd12c874e0463b85c1bc3?s=96&r=g","caption":"Shqiperia Etnike"},"description":"Admin, Shqip\u00ebria Etnike","sameAs":["https:\/\/shqiperia-etnike.com\/"],"url":"https:\/\/shqiperia-etnike.com\/author\/shqiperia-etnike\/"}]}},"_links":{"self":[{"href":"https:\/\/shqiperia-etnike.com\/wp-json\/wp\/v2\/posts\/33770","targetHints":{"allow":["GET"]}}],"collection":[{"href":"https:\/\/shqiperia-etnike.com\/wp-json\/wp\/v2\/posts"}],"about":[{"href":"https:\/\/shqiperia-etnike.com\/wp-json\/wp\/v2\/types\/post"}],"author":[{"embeddable":true,"href":"https:\/\/shqiperia-etnike.com\/wp-json\/wp\/v2\/users\/2"}],"replies":[{"embeddable":true,"href":"https:\/\/shqiperia-etnike.com\/wp-json\/wp\/v2\/comments?post=33770"}],"version-history":[{"count":2,"href":"https:\/\/shqiperia-etnike.com\/wp-json\/wp\/v2\/posts\/33770\/revisions"}],"predecessor-version":[{"id":33773,"href":"https:\/\/shqiperia-etnike.com\/wp-json\/wp\/v2\/posts\/33770\/revisions\/33773"}],"wp:featuredmedia":[{"embeddable":true,"href":"https:\/\/shqiperia-etnike.com\/wp-json\/wp\/v2\/media\/33771"}],"wp:attachment":[{"href":"https:\/\/shqiperia-etnike.com\/wp-json\/wp\/v2\/media?parent=33770"}],"wp:term":[{"taxonomy":"category","embeddable":true,"href":"https:\/\/shqiperia-etnike.com\/wp-json\/wp\/v2\/categories?post=33770"},{"taxonomy":"post_tag","embeddable":true,"href":"https:\/\/shqiperia-etnike.com\/wp-json\/wp\/v2\/tags?post=33770"}],"curies":[{"name":"wp","href":"https:\/\/api.w.org\/{rel}","templated":true}]}}