{"id":3561,"date":"2022-08-09T05:03:39","date_gmt":"2022-08-09T04:03:39","guid":{"rendered":"https:\/\/shqiperia-etnike.com\/?p=3561"},"modified":"2025-06-08T19:40:43","modified_gmt":"2025-06-08T17:40:43","slug":"rikthehet-ne-pd-lulzim-basha-zbulohet-levizja-qe-do-beje-ne-shtator-kunder-sali-berishes","status":"publish","type":"post","link":"https:\/\/shqiperia-etnike.com\/?p=3561","title":{"rendered":"Rikthehet n\u00eb PD Lulzim Basha: Zbulohet l\u00ebvizja q\u00eb do b\u00ebj\u00eb n\u00eb shtator kund\u00ebr Sali Berish\u00ebs"},"content":{"rendered":"<p>Pozitat e ish-kryeministrit Sali Berisha brenda Partis\u00eb Demorkatike, duket se po l\u00ebkunden. Edhe pse pretendon se \u00ebsht\u00eb zgjedhur kryetar i PD me vot\u00ebn e an\u00ebtar\u00ebsis\u00eb, ish-kryeministri Berisha \u00ebsht\u00eb ilegjitim aty, p\u00ebr shkak se gjykata nuk e ka th\u00ebn\u00eb fjal\u00ebn e fundit, n\u00ebse drejtimi i selis\u00eb blu i p\u00ebrket kreut t\u00eb \u201cFoltores\u201d apo deputetit demokrat, Enkelejd Alibeaj, i cili mori timonin e partis\u00eb, pas dor\u00ebheqje s\u00eb Lulzim Bash\u00ebs.<\/p>\n<p>Por p\u00ebrtej k\u00ebtij mish-mashi dhe k\u00ebsaj kakofonie politike, gazeta \u201cSOT\u201d ka m\u00ebsuar se n\u00eb horizont \u00ebsht\u00eb shfaqur dhe madje po lakohet emri i Lulzim Bash\u00ebs, p\u00ebr t\u2019i dh\u00ebn\u00eb nj\u00eb shanse t\u00eb dyt\u00eb n\u00eb krye t\u00eb Partis\u00eb Demorkatike. Sipas informacioneve, m\u00ebsohet se plot 34 deputet\u00ebt \u201crebel\u201d q\u00eb nuk i jan\u00eb bindur Sali Berish\u00ebs, kan\u00eb nisur takimet me demokrat\u00ebt, nd\u00ebrkoh\u00eb q\u00eb synojn\u00eb t\u00eb bindnin baz\u00ebn se p\u00ebrse ish-kryeministri Berisha nuk \u00ebsht\u00eb i duhur p\u00ebr drejtimin e PD.<\/p>\n<p>N\u00eb k\u00ebt\u00eb kontekst, m\u00ebsohet se ligjv\u00ebn\u00ebsit demokrat\u00eb q\u00eb i p\u00ebrkasin zonave t\u00eb ndryshme elektorale n\u00eb Shqip\u00ebri, mes diskutimeve p\u00ebr kriz\u00ebn q\u00eb ka mb\u00ebrthyer Partin\u00eb Demorkatike dhe shqet\u00ebsimet q\u00eb p\u00ebrball\u00ebn sot qytetar\u00ebt, kan\u00eb hedhur edhe iden\u00eb e rikthimit t\u00eb Lulzim Bash\u00ebs n\u00eb krye t\u00eb PD, duke qen\u00eb se ky i fundit ka mb\u00ebshtetjen e nd\u00ebrkomb\u00ebtar\u00ebve.<\/p>\n<p>M\u00ebsohet se p\u00ebr Berish\u00ebn, deputet\u00ebt kan\u00eb hedhur akuza se gjith\u00e7ka po b\u00ebn, e ka p\u00ebr hallin e tij personal dhe synon q\u00eb t\u00eb p\u00ebr\u00e7aj\u00eb Partin\u00eb Demokratike, e madje t\u2019i fus\u00eb demokrat\u00eb n\u00eb \u201cluft\u00eb\u201d me nd\u00ebrkomb\u00ebtar\u00ebt, e ve\u00e7an\u00ebrisht me Britanin\u00eb e Madhe dhe Shtetet e Bashkuara t\u00eb Amerik\u00ebs, shtete k\u00ebto q\u00eb e kan\u00eb shpallur at\u00eb \u201cnon grata\u201d.<\/p>\n<p>Po ashtu, m\u00ebsohet se hapat m\u00eb konkret p\u00ebr rikthimin e Lulzim Bash\u00ebs n\u00eb krye t\u00eb PD do t\u00eb intensifikohen dhe m\u00eb shum\u00eb n\u00eb fillim t\u00eb shtatorit, ku pritet t\u00eb ket\u00eb nj\u00eb riorganizim t\u00eb partis\u00eb, teksa i nj\u00ebjtit burim i tha gazet\u00ebs \u201cSot\u201d se mes emrave p\u00ebr t\u2019i besuar timonin e Partis\u00eb Demorkatike \u00ebsht\u00eb edhe Enkelejd Alibeaj.<\/p>\n<p>Pra, e gjitha kjo l\u00ebvizje po b\u00ebhet, p\u00ebr shkak se Berisha nuk premton t\u00eb ardhme n\u00eb krye t\u00eb PD, p\u00ebr shkak se \u00ebsht\u00eb izoluar nd\u00ebrkomb\u00ebtarisht, si dhe p\u00ebr arsye se ka z\u00ebr\u00eb se gjykata do t\u00eb rr\u00ebzoj\u00eb ish-kryeministrin, duke i hequr t\u00eb drejt\u00ebn p\u00ebr t\u00eb drejtuar selin\u00eb blu, shqet\u00ebsime k\u00ebto q\u00eb jan\u00eb ngritur edhe nga strukturat.<\/p>\n<p>Pra, Basha dhe Alibeaj kan\u00eb m\u00eb shum\u00eb shanse edhe p\u00ebr faktin se i kan\u00eb gati strukturat, pasi gjith\u00eb krer\u00ebt e Partis\u00eb Demokratike n\u00eb deg\u00ebt e vendit, jan\u00eb rreshtuar krah tyre, ndon\u00ebse Berisha i ka dubluar me besnik\u00eb t\u00eb tij.<\/p>\n","protected":false},"excerpt":{"rendered":"<p>Pozitat e ish-kryeministrit Sali Berisha brenda Partis\u00eb Demorkatike, duket se po l\u00ebkunden. Edhe pse pretendon se \u00ebsht\u00eb zgjedhur kryetar i PD me vot\u00ebn e an\u00ebtar\u00ebsis\u00eb, ish-kryeministri Berisha \u00ebsht\u00eb ilegjitim aty, p\u00ebr shkak se gjykata nuk e ka th\u00ebn\u00eb fjal\u00ebn e fundit, n\u00ebse drejtimi i selis\u00eb blu i p\u00ebrket kreut t\u00eb \u201cFoltores\u201d apo deputetit demokrat, Enkelejd [&hellip;]<\/p>\n","protected":false},"author":2,"featured_media":28361,"comment_status":"open","ping_status":"closed","sticky":false,"template":"","format":"standard","meta":{"footnotes":""},"categories":[49],"tags":[],"class_list":{"0":"post-3561","1":"post","2":"type-post","3":"status-publish","4":"format-standard","5":"has-post-thumbnail","7":"category-aktualitet"},"yoast_head":"<!-- This site is optimized with the Yoast SEO plugin v27.2 - https:\/\/yoast.com\/product\/yoast-seo-wordpress\/ -->\n<title>Rikthehet n\u00eb PD Lulzim Basha: Zbulohet l\u00ebvizja q\u00eb do b\u00ebj\u00eb n\u00eb shtator kund\u00ebr Sali Berish\u00ebs - Shqip\u00ebria Etnike<\/title>\n<meta name=\"robots\" content=\"index, follow, max-snippet:-1, max-image-preview:large, max-video-preview:-1\" \/>\n<link rel=\"canonical\" href=\"https:\/\/shqiperia-etnike.com\/?p=3561\" \/>\n<meta property=\"og:locale\" content=\"sq_AL\" \/>\n<meta property=\"og:type\" content=\"article\" \/>\n<meta property=\"og:title\" content=\"Rikthehet n\u00eb PD Lulzim Basha: Zbulohet l\u00ebvizja q\u00eb do b\u00ebj\u00eb n\u00eb shtator kund\u00ebr Sali Berish\u00ebs - Shqip\u00ebria Etnike\" \/>\n<meta property=\"og:description\" content=\"Pozitat e ish-kryeministrit Sali Berisha brenda Partis\u00eb Demorkatike, duket se po l\u00ebkunden. Edhe pse pretendon se \u00ebsht\u00eb zgjedhur kryetar i PD me vot\u00ebn e an\u00ebtar\u00ebsis\u00eb, ish-kryeministri Berisha \u00ebsht\u00eb ilegjitim aty, p\u00ebr shkak se gjykata nuk e ka th\u00ebn\u00eb fjal\u00ebn e fundit, n\u00ebse drejtimi i selis\u00eb blu i p\u00ebrket kreut t\u00eb \u201cFoltores\u201d apo deputetit demokrat, Enkelejd [&hellip;]\" \/>\n<meta property=\"og:url\" content=\"https:\/\/shqiperia-etnike.com\/?p=3561\" \/>\n<meta property=\"og:site_name\" content=\"Shqip\u00ebria Etnike\" \/>\n<meta property=\"article:publisher\" content=\"https:\/\/www.facebook.com\/SqiperiaEtnikeCom\" \/>\n<meta property=\"article:published_time\" content=\"2022-08-09T04:03:39+00:00\" \/>\n<meta property=\"article:modified_time\" content=\"2025-06-08T17:40:43+00:00\" \/>\n<meta property=\"og:image\" content=\"https:\/\/shqiperia-etnike.com\/wp-content\/uploads\/2022\/08\/1200-630-1662396286xbasha-545.jpg\" \/>\n\t<meta property=\"og:image:width\" content=\"1200\" \/>\n\t<meta property=\"og:image:height\" content=\"630\" \/>\n\t<meta property=\"og:image:type\" content=\"image\/jpeg\" \/>\n<meta name=\"author\" content=\"Shqiperia Etnike\" \/>\n<meta name=\"twitter:card\" content=\"summary_large_image\" \/>\n<meta name=\"twitter:label1\" content=\"Written by\" \/>\n\t<meta name=\"twitter:data1\" content=\"Shqiperia Etnike\" \/>\n\t<meta name=\"twitter:label2\" content=\"Est. reading time\" \/>\n\t<meta name=\"twitter:data2\" content=\"3 minutes\" \/>\n<script type=\"application\/ld+json\" class=\"yoast-schema-graph\">{\"@context\":\"https:\/\/schema.org\",\"@graph\":[{\"@type\":\"Article\",\"@id\":\"https:\/\/shqiperia-etnike.com\/?p=3561#article\",\"isPartOf\":{\"@id\":\"https:\/\/shqiperia-etnike.com\/?p=3561\"},\"author\":{\"name\":\"Shqiperia Etnike\",\"@id\":\"https:\/\/shqiperia-etnike.com\/#\/schema\/person\/0fd1d6077bf90bf4efdc2b515a05c566\"},\"headline\":\"Rikthehet n\u00eb PD Lulzim Basha: Zbulohet l\u00ebvizja q\u00eb do b\u00ebj\u00eb n\u00eb shtator kund\u00ebr Sali Berish\u00ebs\",\"datePublished\":\"2022-08-09T04:03:39+00:00\",\"dateModified\":\"2025-06-08T17:40:43+00:00\",\"mainEntityOfPage\":{\"@id\":\"https:\/\/shqiperia-etnike.com\/?p=3561\"},\"wordCount\":507,\"commentCount\":0,\"publisher\":{\"@id\":\"https:\/\/shqiperia-etnike.com\/#organization\"},\"image\":{\"@id\":\"https:\/\/shqiperia-etnike.com\/?p=3561#primaryimage\"},\"thumbnailUrl\":\"https:\/\/shqiperia-etnike.com\/wp-content\/uploads\/2022\/08\/1200-630-1662396286xbasha-545.jpg\",\"articleSection\":[\"Aktualitet\"],\"inLanguage\":\"sq-AL\",\"potentialAction\":[{\"@type\":\"CommentAction\",\"name\":\"Comment\",\"target\":[\"https:\/\/shqiperia-etnike.com\/?p=3561#respond\"]}]},{\"@type\":\"WebPage\",\"@id\":\"https:\/\/shqiperia-etnike.com\/?p=3561\",\"url\":\"https:\/\/shqiperia-etnike.com\/?p=3561\",\"name\":\"Rikthehet n\u00eb PD Lulzim Basha: Zbulohet l\u00ebvizja q\u00eb do b\u00ebj\u00eb n\u00eb shtator kund\u00ebr Sali Berish\u00ebs - Shqip\u00ebria Etnike\",\"isPartOf\":{\"@id\":\"https:\/\/shqiperia-etnike.com\/#website\"},\"primaryImageOfPage\":{\"@id\":\"https:\/\/shqiperia-etnike.com\/?p=3561#primaryimage\"},\"image\":{\"@id\":\"https:\/\/shqiperia-etnike.com\/?p=3561#primaryimage\"},\"thumbnailUrl\":\"https:\/\/shqiperia-etnike.com\/wp-content\/uploads\/2022\/08\/1200-630-1662396286xbasha-545.jpg\",\"datePublished\":\"2022-08-09T04:03:39+00:00\",\"dateModified\":\"2025-06-08T17:40:43+00:00\",\"breadcrumb\":{\"@id\":\"https:\/\/shqiperia-etnike.com\/?p=3561#breadcrumb\"},\"inLanguage\":\"sq-AL\",\"potentialAction\":[{\"@type\":\"ReadAction\",\"target\":[\"https:\/\/shqiperia-etnike.com\/?p=3561\"]}]},{\"@type\":\"ImageObject\",\"inLanguage\":\"sq-AL\",\"@id\":\"https:\/\/shqiperia-etnike.com\/?p=3561#primaryimage\",\"url\":\"https:\/\/shqiperia-etnike.com\/wp-content\/uploads\/2022\/08\/1200-630-1662396286xbasha-545.jpg\",\"contentUrl\":\"https:\/\/shqiperia-etnike.com\/wp-content\/uploads\/2022\/08\/1200-630-1662396286xbasha-545.jpg\",\"width\":1200,\"height\":630},{\"@type\":\"BreadcrumbList\",\"@id\":\"https:\/\/shqiperia-etnike.com\/?p=3561#breadcrumb\",\"itemListElement\":[{\"@type\":\"ListItem\",\"position\":1,\"name\":\"Home\",\"item\":\"https:\/\/shqiperia-etnike.com\/\"},{\"@type\":\"ListItem\",\"position\":2,\"name\":\"Rikthehet n\u00eb PD Lulzim Basha: Zbulohet l\u00ebvizja q\u00eb do b\u00ebj\u00eb n\u00eb shtator kund\u00ebr Sali Berish\u00ebs\"}]},{\"@type\":\"WebSite\",\"@id\":\"https:\/\/shqiperia-etnike.com\/#website\",\"url\":\"https:\/\/shqiperia-etnike.com\/\",\"name\":\"Shqip\u00ebria Etnike\",\"description\":\"Gazeta Tradicionale e Veriut\",\"publisher\":{\"@id\":\"https:\/\/shqiperia-etnike.com\/#organization\"},\"potentialAction\":[{\"@type\":\"SearchAction\",\"target\":{\"@type\":\"EntryPoint\",\"urlTemplate\":\"https:\/\/shqiperia-etnike.com\/?s={search_term_string}\"},\"query-input\":{\"@type\":\"PropertyValueSpecification\",\"valueRequired\":true,\"valueName\":\"search_term_string\"}}],\"inLanguage\":\"sq-AL\"},{\"@type\":\"Organization\",\"@id\":\"https:\/\/shqiperia-etnike.com\/#organization\",\"name\":\"Shqip\u00ebria Etnike\",\"url\":\"https:\/\/shqiperia-etnike.com\/\",\"logo\":{\"@type\":\"ImageObject\",\"inLanguage\":\"sq-AL\",\"@id\":\"https:\/\/shqiperia-etnike.com\/#\/schema\/logo\/image\/\",\"url\":\"https:\/\/shqiperia-etnike.com\/wp-content\/uploads\/2022\/05\/shqiperia-etnike-print.jpg\",\"contentUrl\":\"https:\/\/shqiperia-etnike.com\/wp-content\/uploads\/2022\/05\/shqiperia-etnike-print.jpg\",\"width\":600,\"height\":850,\"caption\":\"Shqip\u00ebria Etnike\"},\"image\":{\"@id\":\"https:\/\/shqiperia-etnike.com\/#\/schema\/logo\/image\/\"},\"sameAs\":[\"https:\/\/www.facebook.com\/SqiperiaEtnikeCom\"]},{\"@type\":\"Person\",\"@id\":\"https:\/\/shqiperia-etnike.com\/#\/schema\/person\/0fd1d6077bf90bf4efdc2b515a05c566\",\"name\":\"Shqiperia Etnike\",\"image\":{\"@type\":\"ImageObject\",\"inLanguage\":\"sq-AL\",\"@id\":\"https:\/\/secure.gravatar.com\/avatar\/369d1d5279f7f732a560419d178c5a08d4f0e3ce9ebcd12c874e0463b85c1bc3?s=96&r=g\",\"url\":\"https:\/\/secure.gravatar.com\/avatar\/369d1d5279f7f732a560419d178c5a08d4f0e3ce9ebcd12c874e0463b85c1bc3?s=96&r=g\",\"contentUrl\":\"https:\/\/secure.gravatar.com\/avatar\/369d1d5279f7f732a560419d178c5a08d4f0e3ce9ebcd12c874e0463b85c1bc3?s=96&r=g\",\"caption\":\"Shqiperia Etnike\"},\"description\":\"Admin, Shqip\u00ebria Etnike\",\"sameAs\":[\"https:\/\/shqiperia-etnike.com\/\"],\"url\":\"https:\/\/shqiperia-etnike.com\/?author=2\"}]}<\/script>\n<!-- \/ Yoast SEO plugin. -->","yoast_head_json":{"title":"Rikthehet n\u00eb PD Lulzim Basha: Zbulohet l\u00ebvizja q\u00eb do b\u00ebj\u00eb n\u00eb shtator kund\u00ebr Sali Berish\u00ebs - Shqip\u00ebria Etnike","robots":{"index":"index","follow":"follow","max-snippet":"max-snippet:-1","max-image-preview":"max-image-preview:large","max-video-preview":"max-video-preview:-1"},"canonical":"https:\/\/shqiperia-etnike.com\/?p=3561","og_locale":"sq_AL","og_type":"article","og_title":"Rikthehet n\u00eb PD Lulzim Basha: Zbulohet l\u00ebvizja q\u00eb do b\u00ebj\u00eb n\u00eb shtator kund\u00ebr Sali Berish\u00ebs - Shqip\u00ebria Etnike","og_description":"Pozitat e ish-kryeministrit Sali Berisha brenda Partis\u00eb Demorkatike, duket se po l\u00ebkunden. Edhe pse pretendon se \u00ebsht\u00eb zgjedhur kryetar i PD me vot\u00ebn e an\u00ebtar\u00ebsis\u00eb, ish-kryeministri Berisha \u00ebsht\u00eb ilegjitim aty, p\u00ebr shkak se gjykata nuk e ka th\u00ebn\u00eb fjal\u00ebn e fundit, n\u00ebse drejtimi i selis\u00eb blu i p\u00ebrket kreut t\u00eb \u201cFoltores\u201d apo deputetit demokrat, Enkelejd [&hellip;]","og_url":"https:\/\/shqiperia-etnike.com\/?p=3561","og_site_name":"Shqip\u00ebria Etnike","article_publisher":"https:\/\/www.facebook.com\/SqiperiaEtnikeCom","article_published_time":"2022-08-09T04:03:39+00:00","article_modified_time":"2025-06-08T17:40:43+00:00","og_image":[{"width":1200,"height":630,"url":"https:\/\/shqiperia-etnike.com\/wp-content\/uploads\/2022\/08\/1200-630-1662396286xbasha-545.jpg","type":"image\/jpeg"}],"author":"Shqiperia Etnike","twitter_card":"summary_large_image","twitter_misc":{"Written by":"Shqiperia Etnike","Est. reading time":"3 minutes"},"schema":{"@context":"https:\/\/schema.org","@graph":[{"@type":"Article","@id":"https:\/\/shqiperia-etnike.com\/?p=3561#article","isPartOf":{"@id":"https:\/\/shqiperia-etnike.com\/?p=3561"},"author":{"name":"Shqiperia Etnike","@id":"https:\/\/shqiperia-etnike.com\/#\/schema\/person\/0fd1d6077bf90bf4efdc2b515a05c566"},"headline":"Rikthehet n\u00eb PD Lulzim Basha: Zbulohet l\u00ebvizja q\u00eb do b\u00ebj\u00eb n\u00eb shtator kund\u00ebr Sali Berish\u00ebs","datePublished":"2022-08-09T04:03:39+00:00","dateModified":"2025-06-08T17:40:43+00:00","mainEntityOfPage":{"@id":"https:\/\/shqiperia-etnike.com\/?p=3561"},"wordCount":507,"commentCount":0,"publisher":{"@id":"https:\/\/shqiperia-etnike.com\/#organization"},"image":{"@id":"https:\/\/shqiperia-etnike.com\/?p=3561#primaryimage"},"thumbnailUrl":"https:\/\/shqiperia-etnike.com\/wp-content\/uploads\/2022\/08\/1200-630-1662396286xbasha-545.jpg","articleSection":["Aktualitet"],"inLanguage":"sq-AL","potentialAction":[{"@type":"CommentAction","name":"Comment","target":["https:\/\/shqiperia-etnike.com\/?p=3561#respond"]}]},{"@type":"WebPage","@id":"https:\/\/shqiperia-etnike.com\/?p=3561","url":"https:\/\/shqiperia-etnike.com\/?p=3561","name":"Rikthehet n\u00eb PD Lulzim Basha: Zbulohet l\u00ebvizja q\u00eb do b\u00ebj\u00eb n\u00eb shtator kund\u00ebr Sali Berish\u00ebs - Shqip\u00ebria Etnike","isPartOf":{"@id":"https:\/\/shqiperia-etnike.com\/#website"},"primaryImageOfPage":{"@id":"https:\/\/shqiperia-etnike.com\/?p=3561#primaryimage"},"image":{"@id":"https:\/\/shqiperia-etnike.com\/?p=3561#primaryimage"},"thumbnailUrl":"https:\/\/shqiperia-etnike.com\/wp-content\/uploads\/2022\/08\/1200-630-1662396286xbasha-545.jpg","datePublished":"2022-08-09T04:03:39+00:00","dateModified":"2025-06-08T17:40:43+00:00","breadcrumb":{"@id":"https:\/\/shqiperia-etnike.com\/?p=3561#breadcrumb"},"inLanguage":"sq-AL","potentialAction":[{"@type":"ReadAction","target":["https:\/\/shqiperia-etnike.com\/?p=3561"]}]},{"@type":"ImageObject","inLanguage":"sq-AL","@id":"https:\/\/shqiperia-etnike.com\/?p=3561#primaryimage","url":"https:\/\/shqiperia-etnike.com\/wp-content\/uploads\/2022\/08\/1200-630-1662396286xbasha-545.jpg","contentUrl":"https:\/\/shqiperia-etnike.com\/wp-content\/uploads\/2022\/08\/1200-630-1662396286xbasha-545.jpg","width":1200,"height":630},{"@type":"BreadcrumbList","@id":"https:\/\/shqiperia-etnike.com\/?p=3561#breadcrumb","itemListElement":[{"@type":"ListItem","position":1,"name":"Home","item":"https:\/\/shqiperia-etnike.com\/"},{"@type":"ListItem","position":2,"name":"Rikthehet n\u00eb PD Lulzim Basha: Zbulohet l\u00ebvizja q\u00eb do b\u00ebj\u00eb n\u00eb shtator kund\u00ebr Sali Berish\u00ebs"}]},{"@type":"WebSite","@id":"https:\/\/shqiperia-etnike.com\/#website","url":"https:\/\/shqiperia-etnike.com\/","name":"Shqip\u00ebria Etnike","description":"Gazeta Tradicionale e Veriut","publisher":{"@id":"https:\/\/shqiperia-etnike.com\/#organization"},"potentialAction":[{"@type":"SearchAction","target":{"@type":"EntryPoint","urlTemplate":"https:\/\/shqiperia-etnike.com\/?s={search_term_string}"},"query-input":{"@type":"PropertyValueSpecification","valueRequired":true,"valueName":"search_term_string"}}],"inLanguage":"sq-AL"},{"@type":"Organization","@id":"https:\/\/shqiperia-etnike.com\/#organization","name":"Shqip\u00ebria Etnike","url":"https:\/\/shqiperia-etnike.com\/","logo":{"@type":"ImageObject","inLanguage":"sq-AL","@id":"https:\/\/shqiperia-etnike.com\/#\/schema\/logo\/image\/","url":"https:\/\/shqiperia-etnike.com\/wp-content\/uploads\/2022\/05\/shqiperia-etnike-print.jpg","contentUrl":"https:\/\/shqiperia-etnike.com\/wp-content\/uploads\/2022\/05\/shqiperia-etnike-print.jpg","width":600,"height":850,"caption":"Shqip\u00ebria Etnike"},"image":{"@id":"https:\/\/shqiperia-etnike.com\/#\/schema\/logo\/image\/"},"sameAs":["https:\/\/www.facebook.com\/SqiperiaEtnikeCom"]},{"@type":"Person","@id":"https:\/\/shqiperia-etnike.com\/#\/schema\/person\/0fd1d6077bf90bf4efdc2b515a05c566","name":"Shqiperia Etnike","image":{"@type":"ImageObject","inLanguage":"sq-AL","@id":"https:\/\/secure.gravatar.com\/avatar\/369d1d5279f7f732a560419d178c5a08d4f0e3ce9ebcd12c874e0463b85c1bc3?s=96&r=g","url":"https:\/\/secure.gravatar.com\/avatar\/369d1d5279f7f732a560419d178c5a08d4f0e3ce9ebcd12c874e0463b85c1bc3?s=96&r=g","contentUrl":"https:\/\/secure.gravatar.com\/avatar\/369d1d5279f7f732a560419d178c5a08d4f0e3ce9ebcd12c874e0463b85c1bc3?s=96&r=g","caption":"Shqiperia Etnike"},"description":"Admin, Shqip\u00ebria Etnike","sameAs":["https:\/\/shqiperia-etnike.com\/"],"url":"https:\/\/shqiperia-etnike.com\/?author=2"}]}},"_links":{"self":[{"href":"https:\/\/shqiperia-etnike.com\/index.php?rest_route=\/wp\/v2\/posts\/3561","targetHints":{"allow":["GET"]}}],"collection":[{"href":"https:\/\/shqiperia-etnike.com\/index.php?rest_route=\/wp\/v2\/posts"}],"about":[{"href":"https:\/\/shqiperia-etnike.com\/index.php?rest_route=\/wp\/v2\/types\/post"}],"author":[{"embeddable":true,"href":"https:\/\/shqiperia-etnike.com\/index.php?rest_route=\/wp\/v2\/users\/2"}],"replies":[{"embeddable":true,"href":"https:\/\/shqiperia-etnike.com\/index.php?rest_route=%2Fwp%2Fv2%2Fcomments&post=3561"}],"version-history":[{"count":1,"href":"https:\/\/shqiperia-etnike.com\/index.php?rest_route=\/wp\/v2\/posts\/3561\/revisions"}],"predecessor-version":[{"id":3563,"href":"https:\/\/shqiperia-etnike.com\/index.php?rest_route=\/wp\/v2\/posts\/3561\/revisions\/3563"}],"wp:featuredmedia":[{"embeddable":true,"href":"https:\/\/shqiperia-etnike.com\/index.php?rest_route=\/wp\/v2\/media\/28361"}],"wp:attachment":[{"href":"https:\/\/shqiperia-etnike.com\/index.php?rest_route=%2Fwp%2Fv2%2Fmedia&parent=3561"}],"wp:term":[{"taxonomy":"category","embeddable":true,"href":"https:\/\/shqiperia-etnike.com\/index.php?rest_route=%2Fwp%2Fv2%2Fcategories&post=3561"},{"taxonomy":"post_tag","embeddable":true,"href":"https:\/\/shqiperia-etnike.com\/index.php?rest_route=%2Fwp%2Fv2%2Ftags&post=3561"}],"curies":[{"name":"wp","href":"https:\/\/api.w.org\/{rel}","templated":true}]}}