{"id":4006,"date":"2022-08-29T09:20:43","date_gmt":"2022-08-29T08:20:43","guid":{"rendered":"https:\/\/shqiperia-etnike.com\/?p=4006"},"modified":"2022-08-29T09:20:43","modified_gmt":"2022-08-29T08:20:43","slug":"i-theu-kembet-nje-polici-se-e-gjobiti-per-makine-prokurori-e-liron-ishte-i-nervozuar-prandaj-ja-theu-kembet-policit","status":"publish","type":"post","link":"https:\/\/shqiperia-etnike.com\/i-theu-kembet-nje-polici-se-e-gjobiti-per-makine-prokurori-e-liron-ishte-i-nervozuar-prandaj-ja-theu-kembet-policit\/","title":{"rendered":"I theu k\u00ebmb\u00ebt nj\u00eb polici se e gjobiti p\u00ebr makin\u00eb, prokurori e liron: Ishte i nervozuar prandaj ja theu k\u00ebmb\u00ebt policit!"},"content":{"rendered":"<p>Prokuroria e Tiran\u00ebs e konsideroi rrethan\u00eb leht\u00ebsuese nervozizmin nga gjobat e shumta ndaj nj\u00eb qytetari, i cili kur mori mas\u00ebn e radh\u00ebs administrative reagoi duke shtyr\u00eb policin Z. M.<\/p>\n<p>Por, edhe pse polici u d\u00ebmtua mbasi ju thyen gjymtyr\u00ebt, dhe teksa referimi u krye p\u00ebr plagosje t\u00eb r\u00ebnd\u00eb me dashje, akuza e ka zbutur q\u00ebndrimin ndaj autorit. B\u00ebhet me dije se n\u00eb mbyllje t\u00eb hetimeve Ermal Mu\u00e7olli u akuzua vet\u00ebm p\u00ebr kund\u00ebrshtim t\u00eb policis\u00eb, pasi akuza tjet\u00ebr \u201cplagosje e r\u00ebnd\u00eb me dashje\u201d, nuk u gjet e provuar.<\/p>\n<p>Prokuroria thot\u00eb se polici Z.M., gjat\u00eb detyr\u00ebs konstatoi nj\u00eb automjet t\u00eb parkuar n\u00eb trotuar. Efektivi ka vendosur gjob\u00eb ndaj automjetit dhe n\u00eb k\u00ebto \u00e7aste pran\u00eb tij \u00ebsht\u00eb afruar qytetari q\u00eb i ka th\u00ebn\u00eb: \u201cmos e vendos gjob\u00ebn se po pija kafen\u00eb dhe do iki menj\u00ebher\u00eb.\u201d<\/p>\n<p>Gjat\u00eb bised\u00ebs mes t\u00eb dyve, efektivi \u00ebsht\u00eb p\u00ebrgjigjur se nd\u00ebrkoh\u00eb e kishte prer\u00eb gjob\u00ebn. M\u00eb pas, E. M., \u00ebsht\u00eb nervozuar dhe i acaruar \u00ebsht\u00eb p\u00ebrgjigjur: Pse ma vendose se dje i pagova ca gjoba? Ai ka marr\u00eb bllokun e gjobave dhe e goditi efektivin n\u00eb kok\u00eb.<\/p>\n<p>M\u00eb pas e q\u00eblloi me grushte e shkelma. Kjo p\u00ebrleshje \u00ebsht\u00eb mbyllur me rr\u00ebzimin p\u00ebrtok\u00eb t\u00eb efektivit Z. M., i cili theu k\u00ebmb\u00ebn e u d\u00ebrgua menj\u00ebher\u00eb n\u00eb spital. E pavar\u00ebsisht se e gjith\u00eb ngjarja \u00ebsht\u00eb filmuar nga kamerat e siguris\u00eb s\u00eb nj\u00eb biznesi n\u00eb zon\u00eb, Prokuroria nuk e ka faktuar dot dhun\u00ebn ndaj efektivit.<\/p>\n","protected":false},"excerpt":{"rendered":"<p>Prokuroria e Tiran\u00ebs e konsideroi rrethan\u00eb leht\u00ebsuese nervozizmin nga gjobat e shumta ndaj nj\u00eb qytetari, i cili kur mori mas\u00ebn e radh\u00ebs administrative reagoi duke shtyr\u00eb policin Z. M. Por, edhe pse polici u d\u00ebmtua mbasi ju thyen gjymtyr\u00ebt, dhe teksa referimi u krye p\u00ebr plagosje t\u00eb r\u00ebnd\u00eb me dashje, akuza e ka zbutur q\u00ebndrimin [&hellip;]<\/p>\n","protected":false},"author":2,"featured_media":4007,"comment_status":"open","ping_status":"closed","sticky":false,"template":"","format":"standard","meta":{"footnotes":""},"categories":[49],"tags":[],"class_list":{"0":"post-4006","1":"post","2":"type-post","3":"status-publish","4":"format-standard","5":"has-post-thumbnail","7":"category-aktualitet"},"yoast_head":"<!-- This site is optimized with the Yoast SEO plugin v27.2 - https:\/\/yoast.com\/product\/yoast-seo-wordpress\/ -->\n<title>I theu k\u00ebmb\u00ebt nj\u00eb polici se e gjobiti p\u00ebr makin\u00eb, prokurori e liron: Ishte i nervozuar prandaj ja theu k\u00ebmb\u00ebt policit! - Shqip\u00ebria Etnike<\/title>\n<meta name=\"robots\" content=\"index, follow, max-snippet:-1, max-image-preview:large, max-video-preview:-1\" \/>\n<link rel=\"canonical\" href=\"https:\/\/shqiperia-etnike.com\/i-theu-kembet-nje-polici-se-e-gjobiti-per-makine-prokurori-e-liron-ishte-i-nervozuar-prandaj-ja-theu-kembet-policit\/\" \/>\n<meta property=\"og:locale\" content=\"sq_AL\" \/>\n<meta property=\"og:type\" content=\"article\" \/>\n<meta property=\"og:title\" content=\"I theu k\u00ebmb\u00ebt nj\u00eb polici se e gjobiti p\u00ebr makin\u00eb, prokurori e liron: Ishte i nervozuar prandaj ja theu k\u00ebmb\u00ebt policit! - Shqip\u00ebria Etnike\" \/>\n<meta property=\"og:description\" content=\"Prokuroria e Tiran\u00ebs e konsideroi rrethan\u00eb leht\u00ebsuese nervozizmin nga gjobat e shumta ndaj nj\u00eb qytetari, i cili kur mori mas\u00ebn e radh\u00ebs administrative reagoi duke shtyr\u00eb policin Z. M. Por, edhe pse polici u d\u00ebmtua mbasi ju thyen gjymtyr\u00ebt, dhe teksa referimi u krye p\u00ebr plagosje t\u00eb r\u00ebnd\u00eb me dashje, akuza e ka zbutur q\u00ebndrimin [&hellip;]\" \/>\n<meta property=\"og:url\" content=\"https:\/\/shqiperia-etnike.com\/i-theu-kembet-nje-polici-se-e-gjobiti-per-makine-prokurori-e-liron-ishte-i-nervozuar-prandaj-ja-theu-kembet-policit\/\" \/>\n<meta property=\"og:site_name\" content=\"Shqip\u00ebria Etnike\" \/>\n<meta property=\"article:publisher\" content=\"https:\/\/www.facebook.com\/SqiperiaEtnikeCom\" \/>\n<meta property=\"article:published_time\" content=\"2022-08-29T08:20:43+00:00\" \/>\n<meta property=\"og:image\" content=\"https:\/\/shqiperia-etnike.com\/wp-content\/uploads\/2022\/08\/640-0-e39afb147e0953ae429845a7d765782d.jpg\" \/>\n\t<meta property=\"og:image:width\" content=\"640\" \/>\n\t<meta property=\"og:image:height\" content=\"360\" \/>\n\t<meta property=\"og:image:type\" content=\"image\/jpeg\" \/>\n<meta name=\"author\" content=\"Shqiperia Etnike\" \/>\n<meta name=\"twitter:card\" content=\"summary_large_image\" \/>\n<meta name=\"twitter:label1\" content=\"Written by\" \/>\n\t<meta name=\"twitter:data1\" content=\"Shqiperia Etnike\" \/>\n\t<meta name=\"twitter:label2\" content=\"Est. reading time\" \/>\n\t<meta name=\"twitter:data2\" content=\"2 minutes\" \/>\n<script type=\"application\/ld+json\" class=\"yoast-schema-graph\">{\"@context\":\"https:\/\/schema.org\",\"@graph\":[{\"@type\":\"Article\",\"@id\":\"https:\/\/shqiperia-etnike.com\/i-theu-kembet-nje-polici-se-e-gjobiti-per-makine-prokurori-e-liron-ishte-i-nervozuar-prandaj-ja-theu-kembet-policit\/#article\",\"isPartOf\":{\"@id\":\"https:\/\/shqiperia-etnike.com\/i-theu-kembet-nje-polici-se-e-gjobiti-per-makine-prokurori-e-liron-ishte-i-nervozuar-prandaj-ja-theu-kembet-policit\/\"},\"author\":{\"name\":\"Shqiperia Etnike\",\"@id\":\"https:\/\/shqiperia-etnike.com\/#\/schema\/person\/0fd1d6077bf90bf4efdc2b515a05c566\"},\"headline\":\"I theu k\u00ebmb\u00ebt nj\u00eb polici se e gjobiti p\u00ebr makin\u00eb, prokurori e liron: Ishte i nervozuar prandaj ja theu k\u00ebmb\u00ebt policit!\",\"datePublished\":\"2022-08-29T08:20:43+00:00\",\"mainEntityOfPage\":{\"@id\":\"https:\/\/shqiperia-etnike.com\/i-theu-kembet-nje-polici-se-e-gjobiti-per-makine-prokurori-e-liron-ishte-i-nervozuar-prandaj-ja-theu-kembet-policit\/\"},\"wordCount\":296,\"commentCount\":0,\"publisher\":{\"@id\":\"https:\/\/shqiperia-etnike.com\/#organization\"},\"image\":{\"@id\":\"https:\/\/shqiperia-etnike.com\/i-theu-kembet-nje-polici-se-e-gjobiti-per-makine-prokurori-e-liron-ishte-i-nervozuar-prandaj-ja-theu-kembet-policit\/#primaryimage\"},\"thumbnailUrl\":\"https:\/\/shqiperia-etnike.com\/wp-content\/uploads\/2022\/08\/640-0-e39afb147e0953ae429845a7d765782d.jpg\",\"articleSection\":[\"Aktualitet\"],\"inLanguage\":\"sq-AL\",\"potentialAction\":[{\"@type\":\"CommentAction\",\"name\":\"Comment\",\"target\":[\"https:\/\/shqiperia-etnike.com\/i-theu-kembet-nje-polici-se-e-gjobiti-per-makine-prokurori-e-liron-ishte-i-nervozuar-prandaj-ja-theu-kembet-policit\/#respond\"]}]},{\"@type\":\"WebPage\",\"@id\":\"https:\/\/shqiperia-etnike.com\/i-theu-kembet-nje-polici-se-e-gjobiti-per-makine-prokurori-e-liron-ishte-i-nervozuar-prandaj-ja-theu-kembet-policit\/\",\"url\":\"https:\/\/shqiperia-etnike.com\/i-theu-kembet-nje-polici-se-e-gjobiti-per-makine-prokurori-e-liron-ishte-i-nervozuar-prandaj-ja-theu-kembet-policit\/\",\"name\":\"I theu k\u00ebmb\u00ebt nj\u00eb polici se e gjobiti p\u00ebr makin\u00eb, prokurori e liron: Ishte i nervozuar prandaj ja theu k\u00ebmb\u00ebt policit! - Shqip\u00ebria Etnike\",\"isPartOf\":{\"@id\":\"https:\/\/shqiperia-etnike.com\/#website\"},\"primaryImageOfPage\":{\"@id\":\"https:\/\/shqiperia-etnike.com\/i-theu-kembet-nje-polici-se-e-gjobiti-per-makine-prokurori-e-liron-ishte-i-nervozuar-prandaj-ja-theu-kembet-policit\/#primaryimage\"},\"image\":{\"@id\":\"https:\/\/shqiperia-etnike.com\/i-theu-kembet-nje-polici-se-e-gjobiti-per-makine-prokurori-e-liron-ishte-i-nervozuar-prandaj-ja-theu-kembet-policit\/#primaryimage\"},\"thumbnailUrl\":\"https:\/\/shqiperia-etnike.com\/wp-content\/uploads\/2022\/08\/640-0-e39afb147e0953ae429845a7d765782d.jpg\",\"datePublished\":\"2022-08-29T08:20:43+00:00\",\"breadcrumb\":{\"@id\":\"https:\/\/shqiperia-etnike.com\/i-theu-kembet-nje-polici-se-e-gjobiti-per-makine-prokurori-e-liron-ishte-i-nervozuar-prandaj-ja-theu-kembet-policit\/#breadcrumb\"},\"inLanguage\":\"sq-AL\",\"potentialAction\":[{\"@type\":\"ReadAction\",\"target\":[\"https:\/\/shqiperia-etnike.com\/i-theu-kembet-nje-polici-se-e-gjobiti-per-makine-prokurori-e-liron-ishte-i-nervozuar-prandaj-ja-theu-kembet-policit\/\"]}]},{\"@type\":\"ImageObject\",\"inLanguage\":\"sq-AL\",\"@id\":\"https:\/\/shqiperia-etnike.com\/i-theu-kembet-nje-polici-se-e-gjobiti-per-makine-prokurori-e-liron-ishte-i-nervozuar-prandaj-ja-theu-kembet-policit\/#primaryimage\",\"url\":\"https:\/\/shqiperia-etnike.com\/wp-content\/uploads\/2022\/08\/640-0-e39afb147e0953ae429845a7d765782d.jpg\",\"contentUrl\":\"https:\/\/shqiperia-etnike.com\/wp-content\/uploads\/2022\/08\/640-0-e39afb147e0953ae429845a7d765782d.jpg\",\"width\":640,\"height\":360},{\"@type\":\"BreadcrumbList\",\"@id\":\"https:\/\/shqiperia-etnike.com\/i-theu-kembet-nje-polici-se-e-gjobiti-per-makine-prokurori-e-liron-ishte-i-nervozuar-prandaj-ja-theu-kembet-policit\/#breadcrumb\",\"itemListElement\":[{\"@type\":\"ListItem\",\"position\":1,\"name\":\"Home\",\"item\":\"https:\/\/shqiperia-etnike.com\/\"},{\"@type\":\"ListItem\",\"position\":2,\"name\":\"I theu k\u00ebmb\u00ebt nj\u00eb polici se e gjobiti p\u00ebr makin\u00eb, prokurori e liron: Ishte i nervozuar prandaj ja theu k\u00ebmb\u00ebt policit!\"}]},{\"@type\":\"WebSite\",\"@id\":\"https:\/\/shqiperia-etnike.com\/#website\",\"url\":\"https:\/\/shqiperia-etnike.com\/\",\"name\":\"Shqip\u00ebria Etnike\",\"description\":\"Gazeta Tradicionale e Veriut\",\"publisher\":{\"@id\":\"https:\/\/shqiperia-etnike.com\/#organization\"},\"potentialAction\":[{\"@type\":\"SearchAction\",\"target\":{\"@type\":\"EntryPoint\",\"urlTemplate\":\"https:\/\/shqiperia-etnike.com\/?s={search_term_string}\"},\"query-input\":{\"@type\":\"PropertyValueSpecification\",\"valueRequired\":true,\"valueName\":\"search_term_string\"}}],\"inLanguage\":\"sq-AL\"},{\"@type\":\"Organization\",\"@id\":\"https:\/\/shqiperia-etnike.com\/#organization\",\"name\":\"Shqip\u00ebria Etnike\",\"url\":\"https:\/\/shqiperia-etnike.com\/\",\"logo\":{\"@type\":\"ImageObject\",\"inLanguage\":\"sq-AL\",\"@id\":\"https:\/\/shqiperia-etnike.com\/#\/schema\/logo\/image\/\",\"url\":\"https:\/\/shqiperia-etnike.com\/wp-content\/uploads\/2022\/05\/shqiperia-etnike-print.jpg\",\"contentUrl\":\"https:\/\/shqiperia-etnike.com\/wp-content\/uploads\/2022\/05\/shqiperia-etnike-print.jpg\",\"width\":600,\"height\":850,\"caption\":\"Shqip\u00ebria Etnike\"},\"image\":{\"@id\":\"https:\/\/shqiperia-etnike.com\/#\/schema\/logo\/image\/\"},\"sameAs\":[\"https:\/\/www.facebook.com\/SqiperiaEtnikeCom\"]},{\"@type\":\"Person\",\"@id\":\"https:\/\/shqiperia-etnike.com\/#\/schema\/person\/0fd1d6077bf90bf4efdc2b515a05c566\",\"name\":\"Shqiperia Etnike\",\"image\":{\"@type\":\"ImageObject\",\"inLanguage\":\"sq-AL\",\"@id\":\"https:\/\/secure.gravatar.com\/avatar\/369d1d5279f7f732a560419d178c5a08d4f0e3ce9ebcd12c874e0463b85c1bc3?s=96&r=g\",\"url\":\"https:\/\/secure.gravatar.com\/avatar\/369d1d5279f7f732a560419d178c5a08d4f0e3ce9ebcd12c874e0463b85c1bc3?s=96&r=g\",\"contentUrl\":\"https:\/\/secure.gravatar.com\/avatar\/369d1d5279f7f732a560419d178c5a08d4f0e3ce9ebcd12c874e0463b85c1bc3?s=96&r=g\",\"caption\":\"Shqiperia Etnike\"},\"description\":\"Admin, Shqip\u00ebria Etnike\",\"sameAs\":[\"https:\/\/shqiperia-etnike.com\/\"],\"url\":\"https:\/\/shqiperia-etnike.com\/author\/shqiperia-etnike\/\"}]}<\/script>\n<!-- \/ Yoast SEO plugin. -->","yoast_head_json":{"title":"I theu k\u00ebmb\u00ebt nj\u00eb polici se e gjobiti p\u00ebr makin\u00eb, prokurori e liron: Ishte i nervozuar prandaj ja theu k\u00ebmb\u00ebt policit! - Shqip\u00ebria Etnike","robots":{"index":"index","follow":"follow","max-snippet":"max-snippet:-1","max-image-preview":"max-image-preview:large","max-video-preview":"max-video-preview:-1"},"canonical":"https:\/\/shqiperia-etnike.com\/i-theu-kembet-nje-polici-se-e-gjobiti-per-makine-prokurori-e-liron-ishte-i-nervozuar-prandaj-ja-theu-kembet-policit\/","og_locale":"sq_AL","og_type":"article","og_title":"I theu k\u00ebmb\u00ebt nj\u00eb polici se e gjobiti p\u00ebr makin\u00eb, prokurori e liron: Ishte i nervozuar prandaj ja theu k\u00ebmb\u00ebt policit! - Shqip\u00ebria Etnike","og_description":"Prokuroria e Tiran\u00ebs e konsideroi rrethan\u00eb leht\u00ebsuese nervozizmin nga gjobat e shumta ndaj nj\u00eb qytetari, i cili kur mori mas\u00ebn e radh\u00ebs administrative reagoi duke shtyr\u00eb policin Z. M. Por, edhe pse polici u d\u00ebmtua mbasi ju thyen gjymtyr\u00ebt, dhe teksa referimi u krye p\u00ebr plagosje t\u00eb r\u00ebnd\u00eb me dashje, akuza e ka zbutur q\u00ebndrimin [&hellip;]","og_url":"https:\/\/shqiperia-etnike.com\/i-theu-kembet-nje-polici-se-e-gjobiti-per-makine-prokurori-e-liron-ishte-i-nervozuar-prandaj-ja-theu-kembet-policit\/","og_site_name":"Shqip\u00ebria Etnike","article_publisher":"https:\/\/www.facebook.com\/SqiperiaEtnikeCom","article_published_time":"2022-08-29T08:20:43+00:00","og_image":[{"width":640,"height":360,"url":"https:\/\/shqiperia-etnike.com\/wp-content\/uploads\/2022\/08\/640-0-e39afb147e0953ae429845a7d765782d.jpg","type":"image\/jpeg"}],"author":"Shqiperia Etnike","twitter_card":"summary_large_image","twitter_misc":{"Written by":"Shqiperia Etnike","Est. reading time":"2 minutes"},"schema":{"@context":"https:\/\/schema.org","@graph":[{"@type":"Article","@id":"https:\/\/shqiperia-etnike.com\/i-theu-kembet-nje-polici-se-e-gjobiti-per-makine-prokurori-e-liron-ishte-i-nervozuar-prandaj-ja-theu-kembet-policit\/#article","isPartOf":{"@id":"https:\/\/shqiperia-etnike.com\/i-theu-kembet-nje-polici-se-e-gjobiti-per-makine-prokurori-e-liron-ishte-i-nervozuar-prandaj-ja-theu-kembet-policit\/"},"author":{"name":"Shqiperia Etnike","@id":"https:\/\/shqiperia-etnike.com\/#\/schema\/person\/0fd1d6077bf90bf4efdc2b515a05c566"},"headline":"I theu k\u00ebmb\u00ebt nj\u00eb polici se e gjobiti p\u00ebr makin\u00eb, prokurori e liron: Ishte i nervozuar prandaj ja theu k\u00ebmb\u00ebt policit!","datePublished":"2022-08-29T08:20:43+00:00","mainEntityOfPage":{"@id":"https:\/\/shqiperia-etnike.com\/i-theu-kembet-nje-polici-se-e-gjobiti-per-makine-prokurori-e-liron-ishte-i-nervozuar-prandaj-ja-theu-kembet-policit\/"},"wordCount":296,"commentCount":0,"publisher":{"@id":"https:\/\/shqiperia-etnike.com\/#organization"},"image":{"@id":"https:\/\/shqiperia-etnike.com\/i-theu-kembet-nje-polici-se-e-gjobiti-per-makine-prokurori-e-liron-ishte-i-nervozuar-prandaj-ja-theu-kembet-policit\/#primaryimage"},"thumbnailUrl":"https:\/\/shqiperia-etnike.com\/wp-content\/uploads\/2022\/08\/640-0-e39afb147e0953ae429845a7d765782d.jpg","articleSection":["Aktualitet"],"inLanguage":"sq-AL","potentialAction":[{"@type":"CommentAction","name":"Comment","target":["https:\/\/shqiperia-etnike.com\/i-theu-kembet-nje-polici-se-e-gjobiti-per-makine-prokurori-e-liron-ishte-i-nervozuar-prandaj-ja-theu-kembet-policit\/#respond"]}]},{"@type":"WebPage","@id":"https:\/\/shqiperia-etnike.com\/i-theu-kembet-nje-polici-se-e-gjobiti-per-makine-prokurori-e-liron-ishte-i-nervozuar-prandaj-ja-theu-kembet-policit\/","url":"https:\/\/shqiperia-etnike.com\/i-theu-kembet-nje-polici-se-e-gjobiti-per-makine-prokurori-e-liron-ishte-i-nervozuar-prandaj-ja-theu-kembet-policit\/","name":"I theu k\u00ebmb\u00ebt nj\u00eb polici se e gjobiti p\u00ebr makin\u00eb, prokurori e liron: Ishte i nervozuar prandaj ja theu k\u00ebmb\u00ebt policit! - Shqip\u00ebria Etnike","isPartOf":{"@id":"https:\/\/shqiperia-etnike.com\/#website"},"primaryImageOfPage":{"@id":"https:\/\/shqiperia-etnike.com\/i-theu-kembet-nje-polici-se-e-gjobiti-per-makine-prokurori-e-liron-ishte-i-nervozuar-prandaj-ja-theu-kembet-policit\/#primaryimage"},"image":{"@id":"https:\/\/shqiperia-etnike.com\/i-theu-kembet-nje-polici-se-e-gjobiti-per-makine-prokurori-e-liron-ishte-i-nervozuar-prandaj-ja-theu-kembet-policit\/#primaryimage"},"thumbnailUrl":"https:\/\/shqiperia-etnike.com\/wp-content\/uploads\/2022\/08\/640-0-e39afb147e0953ae429845a7d765782d.jpg","datePublished":"2022-08-29T08:20:43+00:00","breadcrumb":{"@id":"https:\/\/shqiperia-etnike.com\/i-theu-kembet-nje-polici-se-e-gjobiti-per-makine-prokurori-e-liron-ishte-i-nervozuar-prandaj-ja-theu-kembet-policit\/#breadcrumb"},"inLanguage":"sq-AL","potentialAction":[{"@type":"ReadAction","target":["https:\/\/shqiperia-etnike.com\/i-theu-kembet-nje-polici-se-e-gjobiti-per-makine-prokurori-e-liron-ishte-i-nervozuar-prandaj-ja-theu-kembet-policit\/"]}]},{"@type":"ImageObject","inLanguage":"sq-AL","@id":"https:\/\/shqiperia-etnike.com\/i-theu-kembet-nje-polici-se-e-gjobiti-per-makine-prokurori-e-liron-ishte-i-nervozuar-prandaj-ja-theu-kembet-policit\/#primaryimage","url":"https:\/\/shqiperia-etnike.com\/wp-content\/uploads\/2022\/08\/640-0-e39afb147e0953ae429845a7d765782d.jpg","contentUrl":"https:\/\/shqiperia-etnike.com\/wp-content\/uploads\/2022\/08\/640-0-e39afb147e0953ae429845a7d765782d.jpg","width":640,"height":360},{"@type":"BreadcrumbList","@id":"https:\/\/shqiperia-etnike.com\/i-theu-kembet-nje-polici-se-e-gjobiti-per-makine-prokurori-e-liron-ishte-i-nervozuar-prandaj-ja-theu-kembet-policit\/#breadcrumb","itemListElement":[{"@type":"ListItem","position":1,"name":"Home","item":"https:\/\/shqiperia-etnike.com\/"},{"@type":"ListItem","position":2,"name":"I theu k\u00ebmb\u00ebt nj\u00eb polici se e gjobiti p\u00ebr makin\u00eb, prokurori e liron: Ishte i nervozuar prandaj ja theu k\u00ebmb\u00ebt policit!"}]},{"@type":"WebSite","@id":"https:\/\/shqiperia-etnike.com\/#website","url":"https:\/\/shqiperia-etnike.com\/","name":"Shqip\u00ebria Etnike","description":"Gazeta Tradicionale e Veriut","publisher":{"@id":"https:\/\/shqiperia-etnike.com\/#organization"},"potentialAction":[{"@type":"SearchAction","target":{"@type":"EntryPoint","urlTemplate":"https:\/\/shqiperia-etnike.com\/?s={search_term_string}"},"query-input":{"@type":"PropertyValueSpecification","valueRequired":true,"valueName":"search_term_string"}}],"inLanguage":"sq-AL"},{"@type":"Organization","@id":"https:\/\/shqiperia-etnike.com\/#organization","name":"Shqip\u00ebria Etnike","url":"https:\/\/shqiperia-etnike.com\/","logo":{"@type":"ImageObject","inLanguage":"sq-AL","@id":"https:\/\/shqiperia-etnike.com\/#\/schema\/logo\/image\/","url":"https:\/\/shqiperia-etnike.com\/wp-content\/uploads\/2022\/05\/shqiperia-etnike-print.jpg","contentUrl":"https:\/\/shqiperia-etnike.com\/wp-content\/uploads\/2022\/05\/shqiperia-etnike-print.jpg","width":600,"height":850,"caption":"Shqip\u00ebria Etnike"},"image":{"@id":"https:\/\/shqiperia-etnike.com\/#\/schema\/logo\/image\/"},"sameAs":["https:\/\/www.facebook.com\/SqiperiaEtnikeCom"]},{"@type":"Person","@id":"https:\/\/shqiperia-etnike.com\/#\/schema\/person\/0fd1d6077bf90bf4efdc2b515a05c566","name":"Shqiperia Etnike","image":{"@type":"ImageObject","inLanguage":"sq-AL","@id":"https:\/\/secure.gravatar.com\/avatar\/369d1d5279f7f732a560419d178c5a08d4f0e3ce9ebcd12c874e0463b85c1bc3?s=96&r=g","url":"https:\/\/secure.gravatar.com\/avatar\/369d1d5279f7f732a560419d178c5a08d4f0e3ce9ebcd12c874e0463b85c1bc3?s=96&r=g","contentUrl":"https:\/\/secure.gravatar.com\/avatar\/369d1d5279f7f732a560419d178c5a08d4f0e3ce9ebcd12c874e0463b85c1bc3?s=96&r=g","caption":"Shqiperia Etnike"},"description":"Admin, Shqip\u00ebria Etnike","sameAs":["https:\/\/shqiperia-etnike.com\/"],"url":"https:\/\/shqiperia-etnike.com\/author\/shqiperia-etnike\/"}]}},"_links":{"self":[{"href":"https:\/\/shqiperia-etnike.com\/wp-json\/wp\/v2\/posts\/4006","targetHints":{"allow":["GET"]}}],"collection":[{"href":"https:\/\/shqiperia-etnike.com\/wp-json\/wp\/v2\/posts"}],"about":[{"href":"https:\/\/shqiperia-etnike.com\/wp-json\/wp\/v2\/types\/post"}],"author":[{"embeddable":true,"href":"https:\/\/shqiperia-etnike.com\/wp-json\/wp\/v2\/users\/2"}],"replies":[{"embeddable":true,"href":"https:\/\/shqiperia-etnike.com\/wp-json\/wp\/v2\/comments?post=4006"}],"version-history":[{"count":1,"href":"https:\/\/shqiperia-etnike.com\/wp-json\/wp\/v2\/posts\/4006\/revisions"}],"predecessor-version":[{"id":4008,"href":"https:\/\/shqiperia-etnike.com\/wp-json\/wp\/v2\/posts\/4006\/revisions\/4008"}],"wp:featuredmedia":[{"embeddable":true,"href":"https:\/\/shqiperia-etnike.com\/wp-json\/wp\/v2\/media\/4007"}],"wp:attachment":[{"href":"https:\/\/shqiperia-etnike.com\/wp-json\/wp\/v2\/media?parent=4006"}],"wp:term":[{"taxonomy":"category","embeddable":true,"href":"https:\/\/shqiperia-etnike.com\/wp-json\/wp\/v2\/categories?post=4006"},{"taxonomy":"post_tag","embeddable":true,"href":"https:\/\/shqiperia-etnike.com\/wp-json\/wp\/v2\/tags?post=4006"}],"curies":[{"name":"wp","href":"https:\/\/api.w.org\/{rel}","templated":true}]}}